{"id":66945,"date":"2019-11-09T13:05:03","date_gmt":"2019-11-09T18:05:03","guid":{"rendered":"https:\/\/linitiative.ca\/International\/10e-fica-projection-de-corleone-le-parrain-des-parrains-a-alger\/"},"modified":"2019-11-09T13:05:03","modified_gmt":"2019-11-09T18:05:03","slug":"10e-fica-projection-de-corleone-le-parrain-des-parrains-a-alger","status":"publish","type":"post","link":"https:\/\/linitiative.ca\/International\/10e-fica-projection-de-corleone-le-parrain-des-parrains-a-alger\/","title":{"rendered":"10e FICA: projection de \u00ab\u00a0Corleone, le parrain des parrains\u00a0\u00bb \u00e0 Alger"},"content":{"rendered":"<div readability=\"39\">\n<p><strong>ALGER &#8211; Le documentaire \u00ab\u00a0Corleone, le parrain des parrains\u00a0\u00bb, consacr\u00e9 au parcours de Toto Riina, membre influent de la mafia sicilienne \u00ab\u00a0Cosa Nostra\u00a0\u00bb, a \u00e9t\u00e9 pr\u00e9sent\u00e9 vendredi \u00e0 Alger dans le cadre du 10e Festival international du cin\u00e9ma d\u2019Alger (FICA), d\u00e9di\u00e9 au film engag\u00e9.<\/strong><\/p>\n<\/div>\n<div readability=\"86.5159489633\">\n<p>En comp\u00e9tition dans la cat\u00e9gorie \u00ab\u00a0documentaires\u00a0\u00bb, ce long m\u00e9trage de 146 minutes \u00e9crit et r\u00e9alis\u00e9 par le Fran\u00e7ais Mosco Levi Boucault suit le parcours de Salvatore Riina, qui a impos\u00e9 son pouvoir par les meurtres dans les 1980 et 1990 \u00e0 Corleone, une paisible commune de la province de Palerme en Italie. D\u2019une structure technique tr\u00e8s \u00e9labor\u00e9e, ce documentaire sorti en 2019 met la lumi\u00e8re sur les violences sanguinaires ordonn\u00e9es et commandit\u00e9es par l\u2019impitoyable Toto Riino, arr\u00eat\u00e9 et condamn\u00e9 apr\u00e8s 24 ans de cavale.<\/p>\n<p>Le documentaire dresse un profil psychologique de Riina, d\u00e9crit comme un \u00ab\u00a0homme convaincant aux \u00ab\u00a0apparences humbles et bienveillantes\u00a0\u00bb, \u00e0 travers les t\u00e9moignages d\u2019hommes de loi associ\u00e9s \u00e0 son proc\u00e8s, compagnons de cellule et repentis, anciens tueurs \u00e0 la solde de Cosa Nostra dont le visage est cach\u00e9 face \u00e0 la cam\u00e9ra.<\/p>\n<p>Un des ses \u00ab\u00a0hommes de confiance\u00a0\u00bb dira, \u00e0 ce propos, que leur chef (Riina) \u00ab\u00a0n\u2019h\u00e9sitait pas \u00e0 \u00e9liminer tout membre de l\u2019organisation qui outrepasse les r\u00e8gles de la Cosa Nostra\u00a0\u00bb.<\/p>\n<p>Appuy\u00e9 de t\u00e9moignages associ\u00e9s \u00e0 des images d\u2019archives et coupures de presse, le documentaire fait le point sur les rapports des membres de l\u2019organisation \u00e0 l\u2019Etat avec qui Riina \u00ab\u00a0\u00e9vitait tout affrontement\u00a0\u00bb.<\/p>\n<hr\/>\n<h3>Lire aussi:\u00a0<a href=\"http:\/\/www.aps.dz\/culture\/97148-fica-projection-lundi-en-avant-premiere-du-film-la-fausse-saison\" target=\"_blank\" rel=\"noopener noreferrer\">\u00a0FICA: projection lundi en avant-premi\u00e8re du film \u00ab\u00a0La fausse saison\u00a0\u00bb<\/a><\/h3>\n<hr\/>\n<p>Le documentaire aborde \u00e9galement la \u00ab\u00a0guerre de la mafia\u00a0\u00bb, nom donn\u00e9 \u00e0 un conflit interne \u00e0 Cosa Nostra, qui a d\u00e9but\u00e9 en 1981 par l\u2019assassinat de Stefano Bontade, autre puissant mafiosi, sur ordre de Tota Riina.<\/p>\n<p>L\u2019assassinat de Bontade qui a entra\u00een\u00e9 la fonte de ses troupes, a permis \u00e0 Riina d\u2019asseoir, par la suite, sa mainmise sur Palerme,\u00a0 par des violences sanguinaires sold\u00e9es par des assassinats ayant cibl\u00e9 des repr\u00e9sentants de l\u2019Etat et magistrats dont le juge Falcone, tu\u00e9 dans un attentat en 1992.<\/p>\n<p>Le documentaire revient\u00a0 aussi\u00a0 sur le proc\u00e8s de Toto Riina, captur\u00e9 et condamn\u00e9 en 1993 apr\u00e8s 24 ans de poursuite ainsi que le Maxi-Proc\u00e8s de Palerme (1986) au cours duquel pr\u00e8s de 500 accus\u00e9s ont \u00e9t\u00e9 condamn\u00e9s pour des crimes li\u00e9s aux activit\u00e9s de la mafia sicilienne.<\/p>\n<p>Dix-huit longs m\u00e9trages documentaires et fictions et huit courts m\u00e9trages sont programm\u00e9s en comp\u00e9tition du10e Fica qui pr\u00e9voit \u00e9galement la projection hors comp\u00e9tition de sept films.<\/p>\n<p>Inaugur\u00e9 jeudi, le 10e FICA se poursuit jusqu\u2019au 16 novembre \u00e0 la Salle Ibn Zeydoun \u00e0 raison de deux \u00e0 trois projections par jour.<\/p>\n<\/div>\n<p>Auteur:<br \/>\n<a href=\"http:\/\/www.aps.dz\/culture\/97171-10e-fica-le-documentaire-corleone-le-parrain-des-parrains-projete-a-alger\">Cliquez ici pour lire l&rsquo;article depuis sa source.<\/a><\/p>\n","protected":false},"excerpt":{"rendered":"<p>ALGER &#8211; Le documentaire \u00ab\u00a0Corleone, le parrain des parrains\u00a0\u00bb, consacr\u00e9 au parcours de Toto Riina, membre influent de la mafia sicilienne \u00ab\u00a0Cosa Nostra\u00a0\u00bb, a \u00e9t\u00e9 pr\u00e9sent\u00e9 vendredi \u00e0 Alger dans le cadre du 10e Festival international du cin\u00e9ma d\u2019Alger (FICA), d\u00e9di\u00e9 au film engag\u00e9. En comp\u00e9tition dans la cat\u00e9gorie \u00ab\u00a0documentaires\u00a0\u00bb, ce long m\u00e9trage de 146 [&hellip;]<\/p>\n","protected":false},"author":1790,"featured_media":0,"comment_status":"closed","ping_status":"closed","sticky":false,"template":"","format":"standard","meta":{"fifu_image_url":"","fifu_image_alt":"","footnotes":""},"categories":[53,79],"tags":[],"class_list":["post-66945","post","type-post","status-publish","format-standard","hentry","category-algerie","category-culture"],"_links":{"self":[{"href":"https:\/\/linitiative.ca\/International\/wp-json\/wp\/v2\/posts\/66945","targetHints":{"allow":["GET"]}}],"collection":[{"href":"https:\/\/linitiative.ca\/International\/wp-json\/wp\/v2\/posts"}],"about":[{"href":"https:\/\/linitiative.ca\/International\/wp-json\/wp\/v2\/types\/post"}],"author":[{"embeddable":true,"href":"https:\/\/linitiative.ca\/International\/wp-json\/wp\/v2\/users\/1790"}],"replies":[{"embeddable":true,"href":"https:\/\/linitiative.ca\/International\/wp-json\/wp\/v2\/comments?post=66945"}],"version-history":[{"count":0,"href":"https:\/\/linitiative.ca\/International\/wp-json\/wp\/v2\/posts\/66945\/revisions"}],"wp:attachment":[{"href":"https:\/\/linitiative.ca\/International\/wp-json\/wp\/v2\/media?parent=66945"}],"wp:term":[{"taxonomy":"category","embeddable":true,"href":"https:\/\/linitiative.ca\/International\/wp-json\/wp\/v2\/categories?post=66945"},{"taxonomy":"post_tag","embeddable":true,"href":"https:\/\/linitiative.ca\/International\/wp-json\/wp\/v2\/tags?post=66945"}],"curies":[{"name":"wp","href":"https:\/\/api.w.org\/{rel}","templated":true}]}}