{"id":66948,"date":"2019-11-09T05:00:00","date_gmt":"2019-11-09T10:00:00","guid":{"rendered":"https:\/\/linitiative.ca\/International\/vu-hier-a-setif\/"},"modified":"2019-11-09T05:00:00","modified_gmt":"2019-11-09T10:00:00","slug":"vu-hier-a-setif","status":"publish","type":"post","link":"https:\/\/linitiative.ca\/International\/vu-hier-a-setif\/","title":{"rendered":"Vu hier \u00e0 S\u00e9tif"},"content":{"rendered":"<div id=\"originalText\" readability=\"36\">\n<p>Cet habitu\u00e9 des marches de vendredi dans la wilaya de S\u00e9tif, tout en continuant \u00e0 participer aux manifestations hebdomadaires, a trouv\u00e9 l\u2019id\u00e9e de rendre hommage \u00e0 Libert\u00e9 en exposant une collection de ses Unes qui traitent du mouvement populaire. Un geste que Libert\u00e9 appr\u00e9cie.<\/p>\n<\/div>\n<div id=\"text_core\" readability=\"36\">\n<p>Cet habitu\u00e9 des marches de vendredi dans la wilaya de S\u00e9tif, tout en continuant \u00e0 participer aux manifestations hebdomadaires, a trouv\u00e9 l\u2019id\u00e9e de rendre hommage \u00e0 Libert\u00e9 en exposant une collection de ses Unes qui traitent du mouvement populaire. Un geste que Libert\u00e9 appr\u00e9cie.<\/p>\n<\/div>\n<p>Auteur:<br \/>\n<a href=\"https:\/\/www.liberte-algerie.com\/radar\/vu-hier-a-setif-327680\">Cliquez ici pour lire l&rsquo;article depuis sa source.<\/a><\/p>\n","protected":false},"excerpt":{"rendered":"<p>Cet habitu\u00e9 des marches de vendredi dans la wilaya de S\u00e9tif, tout en continuant \u00e0 participer aux manifestations hebdomadaires, a trouv\u00e9 l\u2019id\u00e9e de rendre hommage \u00e0 Libert\u00e9 en exposant une collection de ses Unes qui traitent du mouvement populaire. Un geste que Libert\u00e9 appr\u00e9cie. Cet habitu\u00e9 des marches de vendredi dans la wilaya de S\u00e9tif, [&hellip;]<\/p>\n","protected":false},"author":1742,"featured_media":0,"comment_status":"closed","ping_status":"closed","sticky":false,"template":"","format":"standard","meta":{"fifu_image_url":"","fifu_image_alt":"","footnotes":""},"categories":[73,53],"tags":[],"class_list":["post-66948","post","type-post","status-publish","format-standard","hentry","category-actualite","category-algerie"],"_links":{"self":[{"href":"https:\/\/linitiative.ca\/International\/wp-json\/wp\/v2\/posts\/66948","targetHints":{"allow":["GET"]}}],"collection":[{"href":"https:\/\/linitiative.ca\/International\/wp-json\/wp\/v2\/posts"}],"about":[{"href":"https:\/\/linitiative.ca\/International\/wp-json\/wp\/v2\/types\/post"}],"author":[{"embeddable":true,"href":"https:\/\/linitiative.ca\/International\/wp-json\/wp\/v2\/users\/1742"}],"replies":[{"embeddable":true,"href":"https:\/\/linitiative.ca\/International\/wp-json\/wp\/v2\/comments?post=66948"}],"version-history":[{"count":0,"href":"https:\/\/linitiative.ca\/International\/wp-json\/wp\/v2\/posts\/66948\/revisions"}],"wp:attachment":[{"href":"https:\/\/linitiative.ca\/International\/wp-json\/wp\/v2\/media?parent=66948"}],"wp:term":[{"taxonomy":"category","embeddable":true,"href":"https:\/\/linitiative.ca\/International\/wp-json\/wp\/v2\/categories?post=66948"},{"taxonomy":"post_tag","embeddable":true,"href":"https:\/\/linitiative.ca\/International\/wp-json\/wp\/v2\/tags?post=66948"}],"curies":[{"name":"wp","href":"https:\/\/api.w.org\/{rel}","templated":true}]}}