{"id":66950,"date":"2019-11-09T07:40:00","date_gmt":"2019-11-09T12:40:00","guid":{"rendered":"https:\/\/linitiative.ca\/International\/le-conseil-constitutionnel-confirme-la-liste-des-cinq-candidats\/"},"modified":"2019-11-09T07:40:00","modified_gmt":"2019-11-09T12:40:00","slug":"le-conseil-constitutionnel-confirme-la-liste-des-cinq-candidats","status":"publish","type":"post","link":"https:\/\/linitiative.ca\/International\/le-conseil-constitutionnel-confirme-la-liste-des-cinq-candidats\/","title":{"rendered":"Le Conseil constitutionnel confirme la liste des cinq candidats"},"content":{"rendered":"<div id=\"originalText\" readability=\"56\">\n<p>Le Conseil constitutionnel a confirm\u00e9, ce samedi, la liste des cinq candidats retenus pour l&rsquo;\u00e9lection pr\u00e9sidentielle du 12 d\u00e9cembre prochain, valid\u00e9e la semaine derni\u00e8re par l&rsquo;Autorit\u00e9 nationale ind\u00e9pendante des \u00e9lections (ANIE), et a rejet\u00e9 les recours introduits par neuf postulants \u00e0 la candidature, a r\u00e9percut\u00e9 l\u2019APS.<\/p>\n<p>Ainsi, les candidats retenus sont le pr\u00e9sident du Front Al-Moustakbel,\u00a0 Abdelaziz Belaid, le pr\u00e9sident de Talaie El Houriyet, Ali Benflis, le pr\u00e9sident du Mouvement El-Bina, Abdelkader Bengrina, l&rsquo;ancien Premier ministre, Abdelmadjid Tebboune, le secr\u00e9taire g\u00e9n\u00e9ral par int\u00e9rim du Rassemblement national d\u00e9mocratique (RND), Azzedine Mihoubi, a pr\u00e9cis\u00e9 la m\u00eame source.<\/p>\n<p class=\"c6\"><strong>R\u00e9daction Web<\/strong><\/p>\n<\/div>\n<div id=\"text_core\" readability=\"56\">\n<p>Le Conseil constitutionnel a confirm\u00e9, ce samedi, la liste des cinq candidats retenus pour l&rsquo;\u00e9lection pr\u00e9sidentielle du 12 d\u00e9cembre prochain, valid\u00e9e la semaine derni\u00e8re par l&rsquo;Autorit\u00e9 nationale ind\u00e9pendante des \u00e9lections (ANIE), et a rejet\u00e9 les recours introduits par neuf postulants \u00e0 la candidature, a r\u00e9percut\u00e9 l\u2019APS.<\/p>\n<p>Ainsi, les candidats retenus sont le pr\u00e9sident du Front Al-Moustakbel,\u00a0 Abdelaziz Belaid, le pr\u00e9sident de Talaie El Houriyet, Ali Benflis, le pr\u00e9sident du Mouvement El-Bina, Abdelkader Bengrina, l&rsquo;ancien Premier ministre, Abdelmadjid Tebboune, le secr\u00e9taire g\u00e9n\u00e9ral par int\u00e9rim du Rassemblement national d\u00e9mocratique (RND), Azzedine Mihoubi, a pr\u00e9cis\u00e9 la m\u00eame source.<\/p>\n<p class=\"c6\"><strong>R\u00e9daction Web<\/strong><\/p>\n<\/div>\n<p>Auteur:<br \/>\n<a href=\"https:\/\/www.liberte-algerie.com\/actualite\/le-conseil-constitutionnel-confirme-la-liste-des-cinq-candidats-327689\">Cliquez ici pour lire l&rsquo;article depuis sa source.<\/a><\/p>\n","protected":false},"excerpt":{"rendered":"<p>Le Conseil constitutionnel a confirm\u00e9, ce samedi, la liste des cinq candidats retenus pour l&rsquo;\u00e9lection pr\u00e9sidentielle du 12 d\u00e9cembre prochain, valid\u00e9e la semaine derni\u00e8re par l&rsquo;Autorit\u00e9 nationale ind\u00e9pendante des \u00e9lections (ANIE), et a rejet\u00e9 les recours introduits par neuf postulants \u00e0 la candidature, a r\u00e9percut\u00e9 l\u2019APS. Ainsi, les candidats retenus sont le pr\u00e9sident du Front [&hellip;]<\/p>\n","protected":false},"author":1742,"featured_media":0,"comment_status":"closed","ping_status":"closed","sticky":false,"template":"","format":"standard","meta":{"fifu_image_url":"","fifu_image_alt":"","footnotes":""},"categories":[73,53],"tags":[],"class_list":["post-66950","post","type-post","status-publish","format-standard","hentry","category-actualite","category-algerie"],"_links":{"self":[{"href":"https:\/\/linitiative.ca\/International\/wp-json\/wp\/v2\/posts\/66950","targetHints":{"allow":["GET"]}}],"collection":[{"href":"https:\/\/linitiative.ca\/International\/wp-json\/wp\/v2\/posts"}],"about":[{"href":"https:\/\/linitiative.ca\/International\/wp-json\/wp\/v2\/types\/post"}],"author":[{"embeddable":true,"href":"https:\/\/linitiative.ca\/International\/wp-json\/wp\/v2\/users\/1742"}],"replies":[{"embeddable":true,"href":"https:\/\/linitiative.ca\/International\/wp-json\/wp\/v2\/comments?post=66950"}],"version-history":[{"count":0,"href":"https:\/\/linitiative.ca\/International\/wp-json\/wp\/v2\/posts\/66950\/revisions"}],"wp:attachment":[{"href":"https:\/\/linitiative.ca\/International\/wp-json\/wp\/v2\/media?parent=66950"}],"wp:term":[{"taxonomy":"category","embeddable":true,"href":"https:\/\/linitiative.ca\/International\/wp-json\/wp\/v2\/categories?post=66950"},{"taxonomy":"post_tag","embeddable":true,"href":"https:\/\/linitiative.ca\/International\/wp-json\/wp\/v2\/tags?post=66950"}],"curies":[{"name":"wp","href":"https:\/\/api.w.org\/{rel}","templated":true}]}}