{"id":66955,"date":"2019-11-09T12:32:52","date_gmt":"2019-11-09T17:32:52","guid":{"rendered":"https:\/\/linitiative.ca\/International\/vannerie-a-tizi-ouzou-les-artisans-posent-le-probleme-de-la-commercialisation\/"},"modified":"2019-11-09T12:32:52","modified_gmt":"2019-11-09T17:32:52","slug":"vannerie-a-tizi-ouzou-les-artisans-posent-le-probleme-de-la-commercialisation","status":"publish","type":"post","link":"https:\/\/linitiative.ca\/International\/vannerie-a-tizi-ouzou-les-artisans-posent-le-probleme-de-la-commercialisation\/","title":{"rendered":"Vannerie \u00e0 Tizi-Ouzou : les artisans posent le probl\u00e8me de la commercialisation"},"content":{"rendered":"<div readability=\"35\">\n<p><strong>TIZI-OUZOU &#8211; Les artisans vanniers qui participent \u00e0 la premi\u00e8re rencontre sur la vannerie qui s\u2019est ouverte ce samedi \u00e0 la maison de la Culture Mouloud Mammeri de Tizi-Ouzou, ont soulev\u00e9 le probl\u00e8me de commercialisation de leurs produits.<\/strong><\/p>\n<\/div>\n<div readability=\"69\">\n<p>Les artisans Slimane Tamoud, Iratni Slimane, Saheb Fazia et Betrouni Tassadit, ont tous observ\u00e9 que ce probl\u00e8me de commercialisation, est li\u00e9 \u00e0 l\u2019absence d\u2019un march\u00e9 permanent pour l\u2019exposition et la vente des objets de l\u2019artisanat, \u00e0 cela s\u2019ajoute, l\u2019absence d\u2019un \u00e9v\u00e9nement (f\u00eate ou festival) qui serait exclusivement d\u00e9di\u00e9 a cet artisanat \u00e0 l\u2019instar de ceux destin\u00e9s \u00e0 la promotion de la tapisserie, la poterie et la bijouterie traditionnelles, ont-il soulign\u00e9.<\/p>\n<p>Les quelques ventes effectu\u00e9es par ces artisans se font lors des foires artisanales qui sont \u00ab\u00a0une opportunit\u00e9\u00a0\u00bb pour faire la promotion de ce m\u00e9tier, mais auxquelles ils ne peuvent pas toujours participer car beaucoup d\u2019entre eux ne disposent pas d\u2019une carte d\u2019artisans, vu que ce m\u00e9tier est souvent pratiqu\u00e9 par des femmes au foyer ou des retrait\u00e9s, ont-ils observ\u00e9.<\/p>\n<p>Ces m\u00eames vanniers se sont aussi inqui\u00e9t\u00e9s de l\u2019absence d\u2019une rel\u00e8ve pour assurer la sauvegarde de ce m\u00e9tier qui tend \u00e0 dispara\u00eetre, du temps qu\u2019il exige tout d\u2019abord d&rsquo;aller chercher la mati\u00e8re premi\u00e8re en for\u00eats et ensuite fabriquer l&rsquo;objet en question, \u00e0 cela s&rsquo;ajoute la raret\u00e9 de la mati\u00e8re premi\u00e8re notamment de l\u2019osier. \u00ab\u00a0Plut\u00f4t qu\u2019un m\u00e9tier, la vannerie est une passion et une occupation pour nous\u00a0\u00bb, se sont-ils accord\u00e9 \u00e0 dire.<\/p>\n<p>A l\u2019ouverture de cette rencontre de trois jours, organis\u00e9e par la direction de la Culture en collaboration avec celle du Tourisme, la directrice de la Culture Nabila Goumeziane, a observ\u00e9 que cette manifestation qui co\u00efncide avec la c\u00e9l\u00e9bration de la Journ\u00e9e nationale de l\u2019artisan, a pour but la promotion de ce m\u00e9tier ancestral et la pr\u00e9servation de ce patrimoine culturel.<\/p>\n<\/div>\n<p>Auteur:<br \/>\n<a href=\"http:\/\/www.aps.dz\/regions\/97197-vannerie-a-tizi-ouzou-les-artisans-posent-le-probleme-de-la-commercialisation\">Cliquez ici pour lire l&rsquo;article depuis sa source.<\/a><\/p>\n","protected":false},"excerpt":{"rendered":"<p>TIZI-OUZOU &#8211; Les artisans vanniers qui participent \u00e0 la premi\u00e8re rencontre sur la vannerie qui s\u2019est ouverte ce samedi \u00e0 la maison de la Culture Mouloud Mammeri de Tizi-Ouzou, ont soulev\u00e9 le probl\u00e8me de commercialisation de leurs produits. Les artisans Slimane Tamoud, Iratni Slimane, Saheb Fazia et Betrouni Tassadit, ont tous observ\u00e9 que ce probl\u00e8me [&hellip;]<\/p>\n","protected":false},"author":1790,"featured_media":0,"comment_status":"closed","ping_status":"closed","sticky":false,"template":"","format":"standard","meta":{"fifu_image_url":"","fifu_image_alt":"","footnotes":""},"categories":[53,76],"tags":[],"class_list":["post-66955","post","type-post","status-publish","format-standard","hentry","category-algerie","category-regions"],"_links":{"self":[{"href":"https:\/\/linitiative.ca\/International\/wp-json\/wp\/v2\/posts\/66955","targetHints":{"allow":["GET"]}}],"collection":[{"href":"https:\/\/linitiative.ca\/International\/wp-json\/wp\/v2\/posts"}],"about":[{"href":"https:\/\/linitiative.ca\/International\/wp-json\/wp\/v2\/types\/post"}],"author":[{"embeddable":true,"href":"https:\/\/linitiative.ca\/International\/wp-json\/wp\/v2\/users\/1790"}],"replies":[{"embeddable":true,"href":"https:\/\/linitiative.ca\/International\/wp-json\/wp\/v2\/comments?post=66955"}],"version-history":[{"count":0,"href":"https:\/\/linitiative.ca\/International\/wp-json\/wp\/v2\/posts\/66955\/revisions"}],"wp:attachment":[{"href":"https:\/\/linitiative.ca\/International\/wp-json\/wp\/v2\/media?parent=66955"}],"wp:term":[{"taxonomy":"category","embeddable":true,"href":"https:\/\/linitiative.ca\/International\/wp-json\/wp\/v2\/categories?post=66955"},{"taxonomy":"post_tag","embeddable":true,"href":"https:\/\/linitiative.ca\/International\/wp-json\/wp\/v2\/tags?post=66955"}],"curies":[{"name":"wp","href":"https:\/\/api.w.org\/{rel}","templated":true}]}}