{"id":66957,"date":"2019-11-08T20:32:22","date_gmt":"2019-11-09T01:32:22","guid":{"rendered":"https:\/\/linitiative.ca\/International\/aid-al-mawlid-sm-le-roi-preside-une-veillee-religieuse\/"},"modified":"2019-11-08T20:32:22","modified_gmt":"2019-11-09T01:32:22","slug":"aid-al-mawlid-sm-le-roi-preside-une-veillee-religieuse","status":"publish","type":"post","link":"https:\/\/linitiative.ca\/International\/aid-al-mawlid-sm-le-roi-preside-une-veillee-religieuse\/","title":{"rendered":"Aid Al-Mawlid: SM le Roi pr\u00e9side une veill\u00e9e religieuse"},"content":{"rendered":"<div class=\"single-featured\"><img alt=\"\" data-src=\"http:\/\/www.mapmarrakech.ma\/map\/uploads\/2019\/11\/SM-le-Roi-Mawlid-Nabawi.jpg\"\/><\/div>\n<div class=\"single-post-excerpt post-excerpt-bc\" readability=\"41\">\n<p>Rabat \u2013 Sa Majest\u00e9 le Roi Mohammed VI, Amir Al-Mouminine, que Dieu L\u2019assiste, pr\u00e9sidera samedi au Palais Royal de Marrakech, une veill\u00e9e religieuse en comm\u00e9moration de l\u2019Aid Al-Mawlid Annabaoui Acharif, annonce un communiqu\u00e9 du Minist\u00e8re de la Maison royale, du Protocole et de la Chancellerie.<\/p>\n<\/div>\n<div class=\"entry-content clearfix single-post-content\" readability=\"44\">\n<p>Voici la traduction de ce communiqu\u00e9:<\/p>\n<p>\u00ab\u00a0Le Minist\u00e8re de la Maison royale, du Protocole et de la Chancellerie annonce que Sa Majest\u00e9 le Roi Mohammed VI, Amir Al Mouminine, que Dieu L\u2019assiste, pr\u00e9sidera une veill\u00e9e religieuse en comm\u00e9moration de l\u2019Aid Al-Mawlid Annabaoui Acharif, au Palais Royal \u00e0 Marrakech, apr\u00e8s la pri\u00e8re d\u2019Al-Maghrib du samedi 11 Rabii-Ier 1441 de l\u2019h\u00e9gire, correspondant au 09 novembre 2019\u201d.<\/p>\n<\/div>\n<p>Auteur: Meriem IGASS<br \/>\n<a href=\"http:\/\/www.mapmarrakech.ma\/fr\/le-roi-2\/\">Cliquez ici pour lire l&rsquo;article depuis sa source.<\/a><\/p>\n","protected":false},"excerpt":{"rendered":"<p>Rabat \u2013 Sa Majest\u00e9 le Roi Mohammed VI, Amir Al-Mouminine, que Dieu L\u2019assiste, pr\u00e9sidera samedi au Palais Royal de Marrakech, une veill\u00e9e religieuse en comm\u00e9moration de l\u2019Aid Al-Mawlid Annabaoui Acharif, annonce un communiqu\u00e9 du Minist\u00e8re de la Maison royale, du Protocole et de la Chancellerie. Voici la traduction de ce communiqu\u00e9: \u00ab\u00a0Le Minist\u00e8re de la [&hellip;]<\/p>\n","protected":false},"author":1788,"featured_media":66958,"comment_status":"closed","ping_status":"closed","sticky":false,"template":"","format":"standard","meta":{"fifu_image_url":"","fifu_image_alt":"","footnotes":""},"categories":[54,76],"tags":[],"class_list":["post-66957","post","type-post","status-publish","format-standard","has-post-thumbnail","hentry","category-maroc","category-regions"],"_links":{"self":[{"href":"https:\/\/linitiative.ca\/International\/wp-json\/wp\/v2\/posts\/66957","targetHints":{"allow":["GET"]}}],"collection":[{"href":"https:\/\/linitiative.ca\/International\/wp-json\/wp\/v2\/posts"}],"about":[{"href":"https:\/\/linitiative.ca\/International\/wp-json\/wp\/v2\/types\/post"}],"author":[{"embeddable":true,"href":"https:\/\/linitiative.ca\/International\/wp-json\/wp\/v2\/users\/1788"}],"replies":[{"embeddable":true,"href":"https:\/\/linitiative.ca\/International\/wp-json\/wp\/v2\/comments?post=66957"}],"version-history":[{"count":0,"href":"https:\/\/linitiative.ca\/International\/wp-json\/wp\/v2\/posts\/66957\/revisions"}],"wp:featuredmedia":[{"embeddable":true,"href":"https:\/\/linitiative.ca\/International\/wp-json\/"}],"wp:attachment":[{"href":"https:\/\/linitiative.ca\/International\/wp-json\/wp\/v2\/media?parent=66957"}],"wp:term":[{"taxonomy":"category","embeddable":true,"href":"https:\/\/linitiative.ca\/International\/wp-json\/wp\/v2\/categories?post=66957"},{"taxonomy":"post_tag","embeddable":true,"href":"https:\/\/linitiative.ca\/International\/wp-json\/wp\/v2\/tags?post=66957"}],"curies":[{"name":"wp","href":"https:\/\/api.w.org\/{rel}","templated":true}]}}