{"id":66959,"date":"2019-11-09T07:12:57","date_gmt":"2019-11-09T12:12:57","guid":{"rendered":"https:\/\/linitiative.ca\/International\/lancement-de-la-7e-edition-du-village-solidaire-a-madagh\/"},"modified":"2019-11-09T07:12:57","modified_gmt":"2019-11-09T12:12:57","slug":"lancement-de-la-7e-edition-du-village-solidaire-a-madagh","status":"publish","type":"post","link":"https:\/\/linitiative.ca\/International\/lancement-de-la-7e-edition-du-village-solidaire-a-madagh\/","title":{"rendered":"Lancement de La 7\u00e8 \u00e9dition du \u00abVillage solidaire\u00bb \u00e0 Madagh"},"content":{"rendered":"<p class=\"c1\">La 7\u00e8me \u00e9dition du \u00ab\u00a0Village solidaire\u00a0\u00bb, organis\u00e9e en marge de la Rencontre mondiale du soufisme qui se tient du 06 au 10 novembre courant \u00e0 Madagh (province de Berkane), focalise ses activit\u00e9s autour des comp\u00e9tences en tant que levier de d\u00e9veloppement de l\u2019Economie sociale et solidaire (ESS) au Maroc.<\/p>\n<p class=\"c1\">Plac\u00e9 sous le Haut patronage de SM le Roi Mohammed VI, cet \u00e9v\u00e9nement, lanc\u00e9 vendredi en d\u00e9but de soir\u00e9e, est initi\u00e9 conjointement par la Fondation Al-Moultaqa et l\u2019Association franco-marocaine des cadres (AFMC) sous le th\u00e8me \u2019\u2019Le Village solidaire : Forum des comp\u00e9tences, levier de d\u00e9veloppement de l\u2019ESS\u2019\u2019.<\/p>\n<p class=\"c1\">Ce th\u00e8me a \u00e9t\u00e9 retenu apr\u00e8s une 6\u00e8me \u00e9dition couronn\u00e9e de succ\u00e8s qui a mis l\u2019accent sur le capital humain et son importance dans le d\u00e9veloppement d\u2019une \u00e9conomie sociale et solidaire, ont soulign\u00e9 les organisateurs.<\/p>\n<p class=\"c1\">Et d\u2019expliquer \u00e0 cet effet que les diff\u00e9rents projets li\u00e9s \u00e0 l\u2019entreprenariat social et solidaire requi\u00e8rent la mise en place d\u2019une vision strat\u00e9gique, ainsi que sa r\u00e9alisation op\u00e9rationnelle, estimant toutefois que l\u2019ensemble des ces pr\u00e9-requis ne peuvent \u00eatre envisageables si un travail n\u2019est pas r\u00e9alis\u00e9 sur les comp\u00e9tences des personnes qui composent ces projets.<\/p>\n<p class=\"c1\">Notant que les lacunes et les manquements au niveau des comp\u00e9tences ont conduit nombre de projets \u00e0 l\u2019\u00e9chec malgr\u00e9 une vision strat\u00e9gique de qualit\u00e9, ils ont fait savoir que cette ann\u00e9e le village solidaire se focalise lors de cette \u00e9dition sur l\u2019importance d\u2019\u00e9tablir une vraie strat\u00e9gie de comp\u00e9tences pour tous les acteurs de l\u2019ESS, que ce soit au niveau des structures ESS, des pouvoirs publics ou encore au niveau acad\u00e9mique.<\/p>\n<p class=\"c1\">Ainsi, durant deux jours, coop\u00e9ratives, associations, chercheurs, experts consultants, r\u00e9seaux se rencontrent \u00e0 Madagh afin d\u2019offrir aux porteurs de projets un ensemble de services et conseils ayant pour but de les aider \u00e0 d\u00e9velopper leurs activit\u00e9s, notamment par le biais du d\u00e9veloppement de leurs comp\u00e9tences.<\/p>\n<p><img class=\"wp-image-15665 aligncenter\" data-src=\"http:\/\/www.mapoujda.ma\/map\/uploads\/2019\/11\/Visite-au-stand-de-Village-solidaire-M750\u00d7430-MAP-1.jpg\" alt=\"\" width=\"576\" height=\"330\" srcset=\"http:\/\/www.mapoujda.ma\/map\/uploads\/2019\/11\/Visite-au-stand-de-Village-solidaire-M750\u00d7430-MAP-1.jpg 750w, http:\/\/www.mapoujda.ma\/map\/uploads\/2019\/11\/Visite-au-stand-de-Village-solidaire-M750\u00d7430-MAP-1-300x172.jpg 300w\" sizes=\"(max-width: 576px) 100vw, 576px\"\/><\/p>\n<p class=\"c1\">\u2019\u2019Dans le domaine des ressources humaines, la comp\u00e9tence, qui est une aptitude de capacit\u00e9s, englobe diff\u00e9rentes dimensions que sont le savoir, le savoir-faire et le savoir-\u00eatre\u2019\u2019, estiment encore les promoteurs de cette initiative.<\/p>\n<p class=\"c1\">Au programme de cette \u00e9dition figure un panel de cinq experts compos\u00e9 d\u2019acteurs acad\u00e9mique, de repr\u00e9sentants ESS de la r\u00e9gion de l\u2019Oriental, ainsi que des experts \u00e9trangers qui vont pr\u00e9senter une conf\u00e9rence sur le sujet des comp\u00e9tences dans l\u2019ESS.<\/p>\n<p class=\"c1\">De m\u00eame, une exposition r\u00e9unissant des dizaines de stands a \u00e9t\u00e9 ouverte au profit de coop\u00e9ratives des diff\u00e9rentes r\u00e9gions du Royaume s\u2019activant notamment dans les domaines de l\u2019agriculture, de l\u2019artisanat et des produits de terroir afin de leur permettre de pr\u00e9senter et de commercialiser leurs produits.<\/p>\n<p class=\"c1\">Par ailleurs, durant les deux jours de l\u2019\u00e9v\u00e9nement, un programme complet de formations est propos\u00e9 aux participants afin de d\u00e9velopper leurs comp\u00e9tences. Un ensemble de Masterclass, de sessions de coaching ainsi que des ateliers de formations axeront leurs interventions sur le d\u00e9veloppement des comp\u00e9tences.<\/p>\n<p class=\"c1\">Les sessions de formation portent plus particuli\u00e8rement sur \u2019\u2019La gestion comptable : quelle comptabilit\u00e9 suite \u00e0 la mise en application de la nouvelle loi sur les coop\u00e9ratives\u2019\u2019, \u2019\u2019D\u00e9velopper un mindset entrepreneur\u2019\u2019 et \u2019\u2019Comment augmenter son chiffre d\u2019affaires et fid\u00e9liser ses clients lors d\u2019un show-room de vente\u2019\u2019.<\/p>\n<p class=\"c1\">La c\u00e9r\u00e9monie d\u2019ouverture de cette \u00e9dition du Village solidaire s\u2019est d\u00e9roul\u00e9e en pr\u00e9sence notamment du Secr\u00e9taire g\u00e9n\u00e9ral du minist\u00e8re de l\u2019Agriculture, de la P\u00eache maritime, du D\u00e9veloppement rural et des Eaux et For\u00eats, Mohamed Sadiki, du gouverneur de la province de Berkane, Ali Habouha, du Cheikh de la Tariqa kadiria boutchichia, Jamal Eddine Boudchich, du directeur des Rencontres mondiales du Soufisme, Mounir Kadiri Boudchich, et d\u2019autres personnalit\u00e9s.<\/p>\n<p>Auteur: Soufiane ELAHMAR<br \/>\n<a href=\"http:\/\/www.mapoujda.ma\/fr\/lancement-de-la-7eme-edition-du-village-solidaire-a-madagh\/\">Cliquez ici pour lire l&rsquo;article depuis sa source.<\/a><\/p>\n","protected":false},"excerpt":{"rendered":"<p>La 7\u00e8me \u00e9dition du \u00ab\u00a0Village solidaire\u00a0\u00bb, organis\u00e9e en marge de la Rencontre mondiale du soufisme qui se tient du 06 au 10 novembre courant \u00e0 Madagh (province de Berkane), focalise ses activit\u00e9s autour des comp\u00e9tences en tant que levier de d\u00e9veloppement de l\u2019Economie sociale et solidaire (ESS) au Maroc. Plac\u00e9 sous le Haut patronage de [&hellip;]<\/p>\n","protected":false},"author":1788,"featured_media":66960,"comment_status":"closed","ping_status":"closed","sticky":false,"template":"","format":"standard","meta":{"fifu_image_url":"","fifu_image_alt":"","footnotes":""},"categories":[54,76],"tags":[],"class_list":["post-66959","post","type-post","status-publish","format-standard","has-post-thumbnail","hentry","category-maroc","category-regions"],"_links":{"self":[{"href":"https:\/\/linitiative.ca\/International\/wp-json\/wp\/v2\/posts\/66959","targetHints":{"allow":["GET"]}}],"collection":[{"href":"https:\/\/linitiative.ca\/International\/wp-json\/wp\/v2\/posts"}],"about":[{"href":"https:\/\/linitiative.ca\/International\/wp-json\/wp\/v2\/types\/post"}],"author":[{"embeddable":true,"href":"https:\/\/linitiative.ca\/International\/wp-json\/wp\/v2\/users\/1788"}],"replies":[{"embeddable":true,"href":"https:\/\/linitiative.ca\/International\/wp-json\/wp\/v2\/comments?post=66959"}],"version-history":[{"count":0,"href":"https:\/\/linitiative.ca\/International\/wp-json\/wp\/v2\/posts\/66959\/revisions"}],"wp:featuredmedia":[{"embeddable":true,"href":"https:\/\/linitiative.ca\/International\/wp-json\/"}],"wp:attachment":[{"href":"https:\/\/linitiative.ca\/International\/wp-json\/wp\/v2\/media?parent=66959"}],"wp:term":[{"taxonomy":"category","embeddable":true,"href":"https:\/\/linitiative.ca\/International\/wp-json\/wp\/v2\/categories?post=66959"},{"taxonomy":"post_tag","embeddable":true,"href":"https:\/\/linitiative.ca\/International\/wp-json\/wp\/v2\/tags?post=66959"}],"curies":[{"name":"wp","href":"https:\/\/api.w.org\/{rel}","templated":true}]}}