{"id":66961,"date":"2019-11-09T09:03:41","date_gmt":"2019-11-09T14:03:41","guid":{"rendered":"https:\/\/linitiative.ca\/International\/des-reliques-du-prophete-a-madagh-une-premiere-au-maroc\/"},"modified":"2019-11-09T09:03:41","modified_gmt":"2019-11-09T14:03:41","slug":"des-reliques-du-prophete-a-madagh-une-premiere-au-maroc","status":"publish","type":"post","link":"https:\/\/linitiative.ca\/International\/des-reliques-du-prophete-a-madagh-une-premiere-au-maroc\/","title":{"rendered":"Des reliques du Proph\u00e8te \u00e0 Madagh, une premi\u00e8re au Maroc"},"content":{"rendered":"<p class=\"c1\">Des reliques du Proph\u00e8te Sidna Mohammed (paix et salut sur Lui) sont expos\u00e9es au si\u00e8ge de la zaouiya kadiria boutchichia \u00e0 Madagh dans la province de Berkane, et ce pour la premi\u00e8re fois au Maroc.<\/p>\n<p class=\"c1\">Cette exposition est mont\u00e9e dans le cadre des activit\u00e9s marquant la 14\u00e8me Rencontre mondiale du soufisme (RMS) qui est organis\u00e9e, du 06 au 10 novembre, sous le Haut patronage de SM le Roi Mohammed VI par la Tariqa Qadiriya Boutchichiya et la fondation Al Moultaqa en partenariat avec le Centre Euro-M\u00e9diterran\u00e9en d\u2019Etude de l\u2019Islam Actuel (CEMEIA).<\/p>\n<p class=\"c1\">Les visiteurs ainsi que les participants \u00e0 cette 14\u00e8me \u00e9dition, ont eu l\u2019honneur et le privil\u00e8ge de voir une dizaine d\u2019objets et d\u2019effets personnels du Proph\u00e8te dans cette exposition ouverte, vendredi soir \u00e0 Madagh, en pr\u00e9sence de plusieurs personnalit\u00e9s, marocaines et \u00e9trang\u00e8res.<\/p>\n<p class=\"c1\">Dans une d\u00e9claration \u00e0 la MAP, le directeur des Rencontres mondiales du Soufisme, Mounir Kadiri Boudchich, a mis l\u2019accent sur la dimension spirituelle de cette exposition, organis\u00e9e pour la premi\u00e8re fois au Maroc et qui montre quelques aspects de la vie du Proph\u00e8te qui tient une place particuli\u00e8re dans la conscience et la vie des musulmans en g\u00e9n\u00e9ral et des Marocains en particulier.<\/p>\n<p class=\"c1\">Une sandale, une empreinte du pied du proph\u00e8te, des morceaux de turban, de la Kiswa de la Kaaba et d\u2019une tunique, poussi\u00e8re de la tombe du proph\u00e8te, chevelure, et des \u00e9crits sont autant de reliques du proph\u00e8te qui ont \u00e9t\u00e9 amen\u00e9es par une famille ottomane de Turquie mais install\u00e9e en Inde qui pr\u00e9serve cet h\u00e9ritage depuis des si\u00e8cle et le transmet de g\u00e9n\u00e9ration en g\u00e9n\u00e9ration.<\/p>\n<p><img class=\"wp-image-15676 aligncenter\" data-src=\"http:\/\/www.mapoujda.ma\/map\/uploads\/2019\/11\/bague-du-Proph\u00e8te-Sidna-Mohammed-M750\u00d7430-MAP.jpg\" alt=\"\" width=\"576\" height=\"330\" srcset=\"http:\/\/www.mapoujda.ma\/map\/uploads\/2019\/11\/bague-du-Proph\u00e8te-Sidna-Mohammed-M750\u00d7430-MAP.jpg 750w, http:\/\/www.mapoujda.ma\/map\/uploads\/2019\/11\/bague-du-Proph\u00e8te-Sidna-Mohammed-M750\u00d7430-MAP-300x172.jpg 300w\" sizes=\"(max-width: 576px) 100vw, 576px\"\/><\/p>\n<p class=\"c1\">D\u00e8s son ouverture au grand public, des centaines de personnes, hommes et femmes, journalistes, visiteurs et participants \u00e0 la 14\u00e8me Rencontre se sont mass\u00e9s devant la salle d\u2019exposition pour contempler ces reliques proph\u00e9tiques, soigneusement conserv\u00e9es, et y prendre des photos pour immortaliser ce moment historique.<\/p>\n<p class=\"c1\">\u2019\u2019C\u2019est un grand honneur et une joie immense pour nous de pouvoir organiser cette exposition \u00e0 Madagh en marge des travaux de la 14\u00e8me Rencontre mondiale du soufisme\u2019\u2019, a dit le directeur de ces Rencontres, notant que la r\u00e9ussite de cette exposition aupr\u00e8s du public refl\u00e8te l\u2019amour que vouent les Marocains au Proph\u00e8te Sidna Mohammed, paix et salut sur Lui, et leur attachement \u00e0 Ses enseignements.<\/p>\n<p class=\"c1\">Il a par ailleurs fait remarquer que cette exposition co\u00efncide avec la comm\u00e9moration de l\u2019Aid Al-Mawlid Annabaoui Acharif.<\/p>\n<p class=\"c1\">Les Rencontres mondiales du Soufisme, qui traitent cette ann\u00e9e du th\u00e8me \u2019\u2019Soufisme et d\u00e9veloppement, la dimension spirituelle et l\u2019\u00e9dification de l\u2019Homme\u2019\u2019 est un rendez-vous annuel qui a pour objectif de mettre l\u2019accent sur l\u2019\u00e9volution des relations entre le soufisme et son contexte et d\u2019\u00e9tudier dans quelle mesure l\u2019\u00e9ducation soufie, en tant que tradition spirituelle de l\u2019Islam, peut contribuer \u00e0 trouver des solutions \u00e0 des questions particuli\u00e8rement importantes dans le contexte mondial actuel.<\/p>\n<p>Auteur: Soufiane ELAHMAR<br \/>\n<a href=\"http:\/\/www.mapoujda.ma\/fr\/des-reliques-du-prophete-a-madagh-une-premiere-au-maroc\/\">Cliquez ici pour lire l&rsquo;article depuis sa source.<\/a><\/p>\n","protected":false},"excerpt":{"rendered":"<p>Des reliques du Proph\u00e8te Sidna Mohammed (paix et salut sur Lui) sont expos\u00e9es au si\u00e8ge de la zaouiya kadiria boutchichia \u00e0 Madagh dans la province de Berkane, et ce pour la premi\u00e8re fois au Maroc. Cette exposition est mont\u00e9e dans le cadre des activit\u00e9s marquant la 14\u00e8me Rencontre mondiale du soufisme (RMS) qui est organis\u00e9e, [&hellip;]<\/p>\n","protected":false},"author":1788,"featured_media":66962,"comment_status":"closed","ping_status":"closed","sticky":false,"template":"","format":"standard","meta":{"fifu_image_url":"","fifu_image_alt":"","footnotes":""},"categories":[54,76],"tags":[],"class_list":["post-66961","post","type-post","status-publish","format-standard","has-post-thumbnail","hentry","category-maroc","category-regions"],"_links":{"self":[{"href":"https:\/\/linitiative.ca\/International\/wp-json\/wp\/v2\/posts\/66961","targetHints":{"allow":["GET"]}}],"collection":[{"href":"https:\/\/linitiative.ca\/International\/wp-json\/wp\/v2\/posts"}],"about":[{"href":"https:\/\/linitiative.ca\/International\/wp-json\/wp\/v2\/types\/post"}],"author":[{"embeddable":true,"href":"https:\/\/linitiative.ca\/International\/wp-json\/wp\/v2\/users\/1788"}],"replies":[{"embeddable":true,"href":"https:\/\/linitiative.ca\/International\/wp-json\/wp\/v2\/comments?post=66961"}],"version-history":[{"count":0,"href":"https:\/\/linitiative.ca\/International\/wp-json\/wp\/v2\/posts\/66961\/revisions"}],"wp:featuredmedia":[{"embeddable":true,"href":"https:\/\/linitiative.ca\/International\/wp-json\/"}],"wp:attachment":[{"href":"https:\/\/linitiative.ca\/International\/wp-json\/wp\/v2\/media?parent=66961"}],"wp:term":[{"taxonomy":"category","embeddable":true,"href":"https:\/\/linitiative.ca\/International\/wp-json\/wp\/v2\/categories?post=66961"},{"taxonomy":"post_tag","embeddable":true,"href":"https:\/\/linitiative.ca\/International\/wp-json\/wp\/v2\/tags?post=66961"}],"curies":[{"name":"wp","href":"https:\/\/api.w.org\/{rel}","templated":true}]}}