{"id":66969,"date":"2019-11-09T15:15:54","date_gmt":"2019-11-09T20:15:54","guid":{"rendered":"https:\/\/linitiative.ca\/International\/pros-hanni-marque-son-7e-but-avec-al-gharrafa\/"},"modified":"2019-11-09T15:15:54","modified_gmt":"2019-11-09T20:15:54","slug":"pros-hanni-marque-son-7e-but-avec-al-gharrafa","status":"publish","type":"post","link":"https:\/\/linitiative.ca\/International\/pros-hanni-marque-son-7e-but-avec-al-gharrafa\/","title":{"rendered":"Pros : Hanni marque son 7e but avec Al Gharrafa !"},"content":{"rendered":"<div readability=\"32\">\n<p>Auteur : <span>Moumen A.<\/span> <span class=\"time\">samedi 09 novembre 2019 20:30<\/span><\/p>\n<\/div>\n<div id=\"post_core\" readability=\"40\">\n<p>L\u2019attaquant international alg\u00e9rien Sofiane Hanni est en train de prouver qu\u2019il \u00e9tait un joueur pr\u00e9cieux dans une \u00e9quipe. Encore une fois l\u2019ancien capitaine de l\u2019Anderlecht, a \u00e9t\u00e9 d\u00e9cisif. Mieux, c\u2019est lui qui a pratiquement men\u00e9 ses camarades vers un succ\u00e8s important ce smedi contre Um Salal sur le score de deux buts \u00e0 z\u00e9ro un. Passeur d\u00e9cisif sur l\u2019ouverture du score de son \u00e9quipe, Sofiane\u00a0 a aussi r\u00e9ussi\u00a0 faire le break pour son \u00e9quipe en marquant le deuxi\u00e8me but avant la pause. C\u2019est son septi\u00e8me but au Qatar cette saison pour 5 passes d\u00e9cisives d\u00e9livr\u00e9es depuis l\u2019entame de la saison. Il \u00e9gale le nombre de buts de Mohamed Benyettou et fait mieux que Yacine Brahimi et se rapproche un peu plus du meilleur buteur de la QSL en l\u2019occurrence son compatriote Baghdad Bounedjah.\u00a0<\/p>\n<p><strong>Moumen A.<\/strong><\/p>\n<p><strong>Publi\u00e9 dans :<\/strong> <span>Hanni<\/span> <span>Djamel Belmadi .<\/span><\/p>\n<\/div>\n<p>Auteur:<br \/>\n<a href=\"http:\/\/www.lebuteur.com\/article\/detail?titre=hanni-marque-son-7e-but-avec-al-gharrafa&#038;id=92842&#038;utm_source=feedburner&#038;utm_medium=feed&#038;utm_campaign=Feed%3A+GalerieFArtciles+%28Les+derniers+articles++-+lebuteur.com%29\">Cliquez ici pour lire l&rsquo;article depuis sa source.<\/a><\/p>\n","protected":false},"excerpt":{"rendered":"<p>Auteur : Moumen A. samedi 09 novembre 2019 20:30 L\u2019attaquant international alg\u00e9rien Sofiane Hanni est en train de prouver qu\u2019il \u00e9tait un joueur pr\u00e9cieux dans une \u00e9quipe. Encore une fois l\u2019ancien capitaine de l\u2019Anderlecht, a \u00e9t\u00e9 d\u00e9cisif. Mieux, c\u2019est lui qui a pratiquement men\u00e9 ses camarades vers un succ\u00e8s important ce smedi contre Um Salal [&hellip;]<\/p>\n","protected":false},"author":1738,"featured_media":66970,"comment_status":"closed","ping_status":"closed","sticky":false,"template":"","format":"standard","meta":{"fifu_image_url":"","fifu_image_alt":"","footnotes":""},"categories":[53,75],"tags":[],"class_list":["post-66969","post","type-post","status-publish","format-standard","has-post-thumbnail","hentry","category-algerie","category-sport"],"_links":{"self":[{"href":"https:\/\/linitiative.ca\/International\/wp-json\/wp\/v2\/posts\/66969","targetHints":{"allow":["GET"]}}],"collection":[{"href":"https:\/\/linitiative.ca\/International\/wp-json\/wp\/v2\/posts"}],"about":[{"href":"https:\/\/linitiative.ca\/International\/wp-json\/wp\/v2\/types\/post"}],"author":[{"embeddable":true,"href":"https:\/\/linitiative.ca\/International\/wp-json\/wp\/v2\/users\/1738"}],"replies":[{"embeddable":true,"href":"https:\/\/linitiative.ca\/International\/wp-json\/wp\/v2\/comments?post=66969"}],"version-history":[{"count":0,"href":"https:\/\/linitiative.ca\/International\/wp-json\/wp\/v2\/posts\/66969\/revisions"}],"wp:featuredmedia":[{"embeddable":true,"href":"https:\/\/linitiative.ca\/International\/wp-json\/"}],"wp:attachment":[{"href":"https:\/\/linitiative.ca\/International\/wp-json\/wp\/v2\/media?parent=66969"}],"wp:term":[{"taxonomy":"category","embeddable":true,"href":"https:\/\/linitiative.ca\/International\/wp-json\/wp\/v2\/categories?post=66969"},{"taxonomy":"post_tag","embeddable":true,"href":"https:\/\/linitiative.ca\/International\/wp-json\/wp\/v2\/tags?post=66969"}],"curies":[{"name":"wp","href":"https:\/\/api.w.org\/{rel}","templated":true}]}}