{"id":66973,"date":"2019-11-09T15:15:57","date_gmt":"2019-11-09T20:15:57","guid":{"rendered":"https:\/\/linitiative.ca\/International\/pros-buteur-feghouli-revient-fort\/"},"modified":"2019-11-09T15:15:57","modified_gmt":"2019-11-09T20:15:57","slug":"pros-buteur-feghouli-revient-fort","status":"publish","type":"post","link":"https:\/\/linitiative.ca\/International\/pros-buteur-feghouli-revient-fort\/","title":{"rendered":"Pros : Buteur, Feghouli revient fort"},"content":{"rendered":"<div readability=\"32\">\n<p>Auteur : <span>Moumen A.<\/span> <span class=\"time\">samedi 09 novembre 2019 20:34<\/span><\/p>\n<\/div>\n<div id=\"post_core\" readability=\"41\">\n<p>En super Ligue Turque, le Galatasaray s\u2019est nettement \u00a0impos\u00e9 ce soir en d\u00e9placement chez Gaziantepspor sur le score de deux buts \u00e0 z\u00e9ro. Titularis\u00e9 d\u2019entr\u00e9e le milieu de terrain de l\u2019Equipe Nationale Sofiane Feghouli \u00a0revient fort apr\u00e8s un passage \u00e0 vide d\u00fb \u00e0 une grosse fatigue physique. L\u2019Ancien valencien tr\u00e8s bon lors de la CAN avec la s\u00e9lection, avait enchain\u00e9 une s\u00e9rie de matchs avec son club.\u00a0 Ce samedi, il\u00a0a sign\u00e9 un joli but ce samedi qui a permis \u00e0 son \u00e9quipe de finir la mi-temps avec une avance de deux buts. C&rsquo;est son premier but de la saison cette saison en Championant. De quoi rassurer les fans de l&rsquo;Equipe nationale, tous heureux de retrouver leur gladiateur avant ces deux premiers matchs des \u00e9liminatoires CAN 2021.<\/p>\n<p><strong>Moumen A.<\/strong><\/p>\n<p><strong>Publi\u00e9 dans :<\/strong> <span>Feghouli<\/span> <span>Djamel Belmadi .<\/span><\/p>\n<\/div>\n<p>Auteur:<br \/>\n<a href=\"http:\/\/www.lebuteur.com\/article\/detail?titre=buteur-feghouli-revient-fort&#038;id=92844&#038;utm_source=feedburner&#038;utm_medium=feed&#038;utm_campaign=Feed%3A+GalerieFArtciles+%28Les+derniers+articles++-+lebuteur.com%29\">Cliquez ici pour lire l&rsquo;article depuis sa source.<\/a><\/p>\n","protected":false},"excerpt":{"rendered":"<p>Auteur : Moumen A. samedi 09 novembre 2019 20:34 En super Ligue Turque, le Galatasaray s\u2019est nettement \u00a0impos\u00e9 ce soir en d\u00e9placement chez Gaziantepspor sur le score de deux buts \u00e0 z\u00e9ro. Titularis\u00e9 d\u2019entr\u00e9e le milieu de terrain de l\u2019Equipe Nationale Sofiane Feghouli \u00a0revient fort apr\u00e8s un passage \u00e0 vide d\u00fb \u00e0 une grosse fatigue [&hellip;]<\/p>\n","protected":false},"author":1738,"featured_media":66974,"comment_status":"closed","ping_status":"closed","sticky":false,"template":"","format":"standard","meta":{"fifu_image_url":"","fifu_image_alt":"","footnotes":""},"categories":[53,75],"tags":[],"class_list":["post-66973","post","type-post","status-publish","format-standard","has-post-thumbnail","hentry","category-algerie","category-sport"],"_links":{"self":[{"href":"https:\/\/linitiative.ca\/International\/wp-json\/wp\/v2\/posts\/66973","targetHints":{"allow":["GET"]}}],"collection":[{"href":"https:\/\/linitiative.ca\/International\/wp-json\/wp\/v2\/posts"}],"about":[{"href":"https:\/\/linitiative.ca\/International\/wp-json\/wp\/v2\/types\/post"}],"author":[{"embeddable":true,"href":"https:\/\/linitiative.ca\/International\/wp-json\/wp\/v2\/users\/1738"}],"replies":[{"embeddable":true,"href":"https:\/\/linitiative.ca\/International\/wp-json\/wp\/v2\/comments?post=66973"}],"version-history":[{"count":0,"href":"https:\/\/linitiative.ca\/International\/wp-json\/wp\/v2\/posts\/66973\/revisions"}],"wp:featuredmedia":[{"embeddable":true,"href":"https:\/\/linitiative.ca\/International\/wp-json\/"}],"wp:attachment":[{"href":"https:\/\/linitiative.ca\/International\/wp-json\/wp\/v2\/media?parent=66973"}],"wp:term":[{"taxonomy":"category","embeddable":true,"href":"https:\/\/linitiative.ca\/International\/wp-json\/wp\/v2\/categories?post=66973"},{"taxonomy":"post_tag","embeddable":true,"href":"https:\/\/linitiative.ca\/International\/wp-json\/wp\/v2\/tags?post=66973"}],"curies":[{"name":"wp","href":"https:\/\/api.w.org\/{rel}","templated":true}]}}