{"id":66982,"date":"2019-11-09T11:48:00","date_gmt":"2019-11-09T16:48:00","guid":{"rendered":"https:\/\/linitiative.ca\/International\/les-vautours-sont-de-retour\/"},"modified":"2019-11-09T11:48:00","modified_gmt":"2019-11-09T16:48:00","slug":"les-vautours-sont-de-retour","status":"publish","type":"post","link":"https:\/\/linitiative.ca\/International\/les-vautours-sont-de-retour\/","title":{"rendered":"Les vautours sont de retour ..!"},"content":{"rendered":"<p><br id=\"sep_para_1\" class=\"sep_para access\"\/><\/p>\n<div id=\"para_1\" class=\"para_33888444 resize\">\n<div class=\"photo shadow left\"><a href=\"javascript:void(0)\" rel=\"https:\/\/www.reflexiondz.net\/photo\/art\/grande\/39312939-33888444.jpg?v=1573325899&#038;ibox\" title=\"Les vautours sont de retour ..!\"><img decoding=\"async\" class=\"responsive c9\" src=\"https:\/\/www.reflexiondz.net\/photo\/art\/grande\/39312939-33888444.jpg?v=1573325899\" alt=\"Les vautours sont de retour ..!\" title=\"Les vautours sont de retour ..!\"\/><img decoding=\"async\" class=\"not-responsive\" src=\"https:\/\/www.reflexiondz.net\/photo\/art\/default\/39312939-33888444.jpg?v=1573325901\" alt=\"Les vautours sont de retour ..!\" title=\"Les vautours sont de retour ..!\"\/><\/a><\/div>\n<div class=\"texte access firstletter\">Il y\u2019a quelques mois, je me souviens tr\u00e8s bien comme si c\u2019\u00e9tait aujourd\u2019hui, une quinzaine de micro-partis qui appelaient Abdelaziz Bouteflika \u00e0 briguer un cinqui\u00e8me mandat. Sur les photos qui rehaussaient les flashs des t\u00e9l\u00e9visions et les \u2018\u2019une\u2019\u2019 des journaux, un certain 15 ao\u00fbt de l\u2019ann\u00e9e pr\u00e9c\u00e9dente, ils \u00e9taient quinze chefs de parti politique r\u00e9unis pour d\u00e9fendre une cause commune: la candidature du pr\u00e9sident Abdelkader El-Mali \u00e0 un cinqui\u00e8me mandat. \u00ab Le pays a besoin [de lui] pour la continuit\u00e9 et faire des r\u00e9formes politiques, \u00e9conomiques, sociales et autres, affirment la presse \u00e0 l\u2019\u00e9poque.\u00a0 Belkacem Sahli, le leader du parti ANR, \u00e9tait l\u00e0 aux c\u00f4t\u00e9s des autres loups de l\u2019ancien syst\u00e8me, Amar Ghoul, Amara Benyounes, Bouchareb et le charlatan Mohamed Benhamou qui ont tous fait le serment de faire passer \u2018\u2019Moul Cadre\u2019\u2019, quel que soit le prix, le mot circule : se partager le butin !<br \/>Nul des courtisans, n\u2019\u00e9tait en mesure de s\u2019informer sur l\u2019\u00e9tat de sant\u00e9 de son candidat ni m\u00eame s\u2019aviser des grands axes du programme de celui, qu\u2019ils voulaient clouer sur le fauteuil de la Mouradia, en d\u00e9pit de son \u00e2ge et de sa sant\u00e9. Et, plus le ra\u00efs gardait le suspense sur ses intentions, plus les vautours se multipliaient et allaient jusqu\u2019\u00e0 le prier \u00e0 briguer un autre mandat au nom de la continuit\u00e9 et de la stabilit\u00e9, mais en r\u00e9alit\u00e9 tout ce cirque \u00e9tait de prendre en otage un pr\u00e9sident malade pour servir leurs int\u00e9r\u00eats et continuer \u00e0 t\u00e9ter la vache laiti\u00e8re !<br \/>Ces vampires, dont les int\u00e9r\u00eats s\u2019accumulent de son r\u00e8gne, font bloc comme un seul homme pour d\u00e9router le peuple alg\u00e9rien, croyant encore avoir affaire \u00e0 un peuple sans maturit\u00e9, en lui pr\u00e9sentant un vieil homme abattu par l\u2019\u00e2ge et la maladie, comme le seul et unique sauveur du pays. Le vent de l\u2019est a souffl\u00e9 du c\u00f4t\u00e9 de la jeunesse, un certain 22 f\u00e9vrier, la roue tourne et tous se barrent .Ces derniers d\u00e9log\u00e9s par le Hirak, les uns croupissent dans les prisons et les autres s\u2019\u00e9clipsent de la sc\u00e8ne politique, mais malheureusement pas pour longtemps, voici qu\u2019ils reviennent une deuxi\u00e8me fois sous un autre visage ?<br \/>Avertis par leurs relais, ils misent sur les candidats qui sont issus de l\u2019ex-parti unique, Tebboune ou Benflis, croyant qu\u2019ils sont les deux favoris des cinq pr\u00e9tendants, pour succ\u00e9der \u00e0 leur manitou. De bouche \u00e0 oreille, le mot est siffl\u00e9, tous les orphelins de la \u2018\u2019Issaba\u2019\u2019 politique chargent les directions de campagne des deux candidats : et du coup, les enfants de Ould Abbes et Amara Benyounes reviennent au-devant de la sc\u00e8ne en costume de responsables ou cadres des directions de campagne, des deux anciens premiers ministres, et on revient \u00e0 la case d\u00e9part !<\/div>\n<\/div>\n<p>Auteur: B. Belkacem<br \/>\n<a href=\"https:\/\/www.reflexiondz.net\/Les-vautours-sont-de-retour-_a58703.html\">Cliquez ici pour lire l&rsquo;article depuis sa source.<\/a><\/p>\n","protected":false},"excerpt":{"rendered":"<p>Il y\u2019a quelques mois, je me souviens tr\u00e8s bien comme si c\u2019\u00e9tait aujourd\u2019hui, une quinzaine de micro-partis qui appelaient Abdelaziz Bouteflika \u00e0 briguer un cinqui\u00e8me mandat. Sur les photos qui rehaussaient les flashs des t\u00e9l\u00e9visions et les \u2018\u2019une\u2019\u2019 des journaux, un certain 15 ao\u00fbt de l\u2019ann\u00e9e pr\u00e9c\u00e9dente, ils \u00e9taient quinze chefs de parti politique r\u00e9unis [&hellip;]<\/p>\n","protected":false},"author":1740,"featured_media":0,"comment_status":"closed","ping_status":"closed","sticky":false,"template":"","format":"standard","meta":{"fifu_image_url":"","fifu_image_alt":"","footnotes":""},"categories":[53,76],"tags":[],"class_list":["post-66982","post","type-post","status-publish","format-standard","hentry","category-algerie","category-regions"],"_links":{"self":[{"href":"https:\/\/linitiative.ca\/International\/wp-json\/wp\/v2\/posts\/66982","targetHints":{"allow":["GET"]}}],"collection":[{"href":"https:\/\/linitiative.ca\/International\/wp-json\/wp\/v2\/posts"}],"about":[{"href":"https:\/\/linitiative.ca\/International\/wp-json\/wp\/v2\/types\/post"}],"author":[{"embeddable":true,"href":"https:\/\/linitiative.ca\/International\/wp-json\/wp\/v2\/users\/1740"}],"replies":[{"embeddable":true,"href":"https:\/\/linitiative.ca\/International\/wp-json\/wp\/v2\/comments?post=66982"}],"version-history":[{"count":0,"href":"https:\/\/linitiative.ca\/International\/wp-json\/wp\/v2\/posts\/66982\/revisions"}],"wp:attachment":[{"href":"https:\/\/linitiative.ca\/International\/wp-json\/wp\/v2\/media?parent=66982"}],"wp:term":[{"taxonomy":"category","embeddable":true,"href":"https:\/\/linitiative.ca\/International\/wp-json\/wp\/v2\/categories?post=66982"},{"taxonomy":"post_tag","embeddable":true,"href":"https:\/\/linitiative.ca\/International\/wp-json\/wp\/v2\/tags?post=66982"}],"curies":[{"name":"wp","href":"https:\/\/api.w.org\/{rel}","templated":true}]}}