{"id":66983,"date":"2019-11-09T11:48:00","date_gmt":"2019-11-09T16:48:00","guid":{"rendered":"https:\/\/linitiative.ca\/International\/benflis-contre-attaque-et-repond-a-ses-detracteurs\/"},"modified":"2019-11-09T11:48:00","modified_gmt":"2019-11-09T16:48:00","slug":"benflis-contre-attaque-et-repond-a-ses-detracteurs","status":"publish","type":"post","link":"https:\/\/linitiative.ca\/International\/benflis-contre-attaque-et-repond-a-ses-detracteurs\/","title":{"rendered":"Benflis contre-attaque et r\u00e9pond \u00e0 ses d\u00e9tracteurs"},"content":{"rendered":"<p><br id=\"sep_para_1\" class=\"sep_para access\"\/><\/p>\n<div id=\"para_1\" class=\"para_33888425 resize\">\n<div class=\"texte access firstletter\">Le candidat \u00e0 l\u2019\u00e9lection pr\u00e9sidentielle du 12 d\u00e9cembre 2019, Ali Benflis, qui \u00e9tait l\u2019invit\u00e9 de l\u2019\u00e9mission politique de la cha\u00eene El Bilad Tv a r\u00e9pondu \u00e0 ses d\u00e9tracteurs au sujet de la campagne \u00e9lectorale sur le terrain et a d\u00e9clar\u00e9 qu\u2019il sortira dans la rue pour affronter ses d\u00e9tracteurs, rencontrer ses soutiens et soutenir les \u00e9lecteurs du grand SUD et des r\u00e9gions du pays.\u00a0 Benflis qui avait \u00e9t\u00e9 hu\u00e9 et insult\u00e9 par des citoyens \u00e0 Baba Hassen la semaine pass\u00e9e, a pris son temps pour recadrer son image et appara\u00eetre sur le plateau de la cha\u00eene El Bilad Tv combatif, hautain et surtout imbattable.\u00a0 Benflis qui a us\u00e9 de la langue de bois, face \u00e0 un journaliste tr\u00e8s pernicieux, a r\u00e9ussi \u00e0 faire passer tous ses messages et \u00e0 donner un aper\u00e7u sur son programme politique en ce qui concerne la justice, la gestion, la diplomatie et l\u2019\u00e9conomie. Une strat\u00e9gie r\u00e9ussie et un discours calcul\u00e9, en attendant la v\u00e9ritable campagne \u00e9lectorale et le terrain risqu\u00e9 de la politique.<\/div>\n<\/div>\n<p>Auteur: R\u00e9flexion<br \/>\n<a href=\"https:\/\/www.reflexiondz.net\/Benflis-contre-attaque-et-repond-a-ses-detracteurs_a58701.html\">Cliquez ici pour lire l&rsquo;article depuis sa source.<\/a><\/p>\n","protected":false},"excerpt":{"rendered":"<p>Le candidat \u00e0 l\u2019\u00e9lection pr\u00e9sidentielle du 12 d\u00e9cembre 2019, Ali Benflis, qui \u00e9tait l\u2019invit\u00e9 de l\u2019\u00e9mission politique de la cha\u00eene El Bilad Tv a r\u00e9pondu \u00e0 ses d\u00e9tracteurs au sujet de la campagne \u00e9lectorale sur le terrain et a d\u00e9clar\u00e9 qu\u2019il sortira dans la rue pour affronter ses d\u00e9tracteurs, rencontrer ses soutiens et soutenir les [&hellip;]<\/p>\n","protected":false},"author":1740,"featured_media":0,"comment_status":"closed","ping_status":"closed","sticky":false,"template":"","format":"standard","meta":{"fifu_image_url":"","fifu_image_alt":"","footnotes":""},"categories":[53,76],"tags":[],"class_list":["post-66983","post","type-post","status-publish","format-standard","hentry","category-algerie","category-regions"],"_links":{"self":[{"href":"https:\/\/linitiative.ca\/International\/wp-json\/wp\/v2\/posts\/66983","targetHints":{"allow":["GET"]}}],"collection":[{"href":"https:\/\/linitiative.ca\/International\/wp-json\/wp\/v2\/posts"}],"about":[{"href":"https:\/\/linitiative.ca\/International\/wp-json\/wp\/v2\/types\/post"}],"author":[{"embeddable":true,"href":"https:\/\/linitiative.ca\/International\/wp-json\/wp\/v2\/users\/1740"}],"replies":[{"embeddable":true,"href":"https:\/\/linitiative.ca\/International\/wp-json\/wp\/v2\/comments?post=66983"}],"version-history":[{"count":0,"href":"https:\/\/linitiative.ca\/International\/wp-json\/wp\/v2\/posts\/66983\/revisions"}],"wp:attachment":[{"href":"https:\/\/linitiative.ca\/International\/wp-json\/wp\/v2\/media?parent=66983"}],"wp:term":[{"taxonomy":"category","embeddable":true,"href":"https:\/\/linitiative.ca\/International\/wp-json\/wp\/v2\/categories?post=66983"},{"taxonomy":"post_tag","embeddable":true,"href":"https:\/\/linitiative.ca\/International\/wp-json\/wp\/v2\/tags?post=66983"}],"curies":[{"name":"wp","href":"https:\/\/api.w.org\/{rel}","templated":true}]}}