{"id":66984,"date":"2019-11-09T11:48:00","date_gmt":"2019-11-09T16:48:00","guid":{"rendered":"https:\/\/linitiative.ca\/International\/la-fille-de-lakhdar-bouregaa-lance-un-appel-de-detresse\/"},"modified":"2019-11-09T11:48:00","modified_gmt":"2019-11-09T16:48:00","slug":"la-fille-de-lakhdar-bouregaa-lance-un-appel-de-detresse","status":"publish","type":"post","link":"https:\/\/linitiative.ca\/International\/la-fille-de-lakhdar-bouregaa-lance-un-appel-de-detresse\/","title":{"rendered":"La fille de Lakhdar Boureg\u00e2a lance un appel de d\u00e9tresse"},"content":{"rendered":"<p><br id=\"sep_para_1\" class=\"sep_para access\"\/><\/p>\n<div id=\"para_1\" class=\"para_33888426 resize\">\n<div class=\"texte access firstletter\">Nabila Boureg\u00e2a a lanc\u00e9 un appel de d\u00e9tresse \u00e0 travers sa page Facebook vendredi\u00a0 8 novembre, afin de demander la lib\u00e9ration de son p\u00e8re d\u00e9tenu \u00e0 la prison d\u2019El Harrach depuis la fin du mois de juin. Nabila Boureg\u00e2a a tenu \u00e0 informer l\u2019opinion publique sur l\u2019\u00e9tat de sant\u00e9 de son p\u00e8re. \u00ab Je suis la fille du Moudjahid Lakhdar Boureg\u00e2a et comme vous le savez sans doute il a \u00e9t\u00e9 op\u00e9r\u00e9 il y a quelques jours. C\u2019est pour informer le monde et pr\u00e9venir de sa situation que j\u2019\u00e9cris aujourd\u2019hui \u00bb, a-t-elle d\u00e9clar\u00e9 avant de r\u00e9v\u00e9ler que la famille du Moudjahid n\u2019a pas \u00e9t\u00e9 autoris\u00e9e \u00e0 lui rendre visite \u00e0 l&rsquo;h\u00f4pital Mustapha o\u00f9 il a subi une intervention chirurgicale. \u00ab Arriv\u00e9e \u00e0 l&rsquo;h\u00f4pital afin d\u2019avoir des nouvelles de mon p\u00e8re, je n\u2019ai pas \u00e9t\u00e9 autoris\u00e9e \u00e0 lui rendre visite et ce n\u2019est que par pur hasard si je l\u2019ai aper\u00e7u au d\u00e9tour d\u2019un couloir sur un fauteuil roulant \u00bb, a-t-elle ajout\u00e9. Nabila Boureg\u00e2a a indiqu\u00e9 que son p\u00e8re est dans un mauvais \u00e9tat de sant\u00e9. \u00ab Je n\u2019avais jamais vu mon p\u00e8re dans cet \u00e9tat. Mon p\u00e8re va sur ses 87 ans et au lieu d\u2019\u00eatre entour\u00e9 des gens qui l\u2019aiment, sa compagnie se r\u00e9sume \u00e0 des policiers qui le surveillent et qui bloquent chaque entr\u00e9e \u00bb.<\/div>\n<\/div>\n<p>Auteur: R\u00e9flexion<br \/>\n<a href=\"https:\/\/www.reflexiondz.net\/La-fille-de-Lakhdar-Bouregaa-lance-un-appel-de-detresse_a58702.html\">Cliquez ici pour lire l&rsquo;article depuis sa source.<\/a><\/p>\n","protected":false},"excerpt":{"rendered":"<p>Nabila Boureg\u00e2a a lanc\u00e9 un appel de d\u00e9tresse \u00e0 travers sa page Facebook vendredi\u00a0 8 novembre, afin de demander la lib\u00e9ration de son p\u00e8re d\u00e9tenu \u00e0 la prison d\u2019El Harrach depuis la fin du mois de juin. Nabila Boureg\u00e2a a tenu \u00e0 informer l\u2019opinion publique sur l\u2019\u00e9tat de sant\u00e9 de son p\u00e8re. \u00ab Je suis [&hellip;]<\/p>\n","protected":false},"author":1740,"featured_media":0,"comment_status":"closed","ping_status":"closed","sticky":false,"template":"","format":"standard","meta":{"fifu_image_url":"","fifu_image_alt":"","footnotes":""},"categories":[53,76],"tags":[],"class_list":["post-66984","post","type-post","status-publish","format-standard","hentry","category-algerie","category-regions"],"_links":{"self":[{"href":"https:\/\/linitiative.ca\/International\/wp-json\/wp\/v2\/posts\/66984","targetHints":{"allow":["GET"]}}],"collection":[{"href":"https:\/\/linitiative.ca\/International\/wp-json\/wp\/v2\/posts"}],"about":[{"href":"https:\/\/linitiative.ca\/International\/wp-json\/wp\/v2\/types\/post"}],"author":[{"embeddable":true,"href":"https:\/\/linitiative.ca\/International\/wp-json\/wp\/v2\/users\/1740"}],"replies":[{"embeddable":true,"href":"https:\/\/linitiative.ca\/International\/wp-json\/wp\/v2\/comments?post=66984"}],"version-history":[{"count":0,"href":"https:\/\/linitiative.ca\/International\/wp-json\/wp\/v2\/posts\/66984\/revisions"}],"wp:attachment":[{"href":"https:\/\/linitiative.ca\/International\/wp-json\/wp\/v2\/media?parent=66984"}],"wp:term":[{"taxonomy":"category","embeddable":true,"href":"https:\/\/linitiative.ca\/International\/wp-json\/wp\/v2\/categories?post=66984"},{"taxonomy":"post_tag","embeddable":true,"href":"https:\/\/linitiative.ca\/International\/wp-json\/wp\/v2\/tags?post=66984"}],"curies":[{"name":"wp","href":"https:\/\/api.w.org\/{rel}","templated":true}]}}