{"id":66985,"date":"2019-11-09T12:20:00","date_gmt":"2019-11-09T17:20:00","guid":{"rendered":"https:\/\/linitiative.ca\/International\/crime-crapuleux-a-arzew-il-tue-le-frere-de-sa-fiancee\/"},"modified":"2019-11-09T12:20:00","modified_gmt":"2019-11-09T17:20:00","slug":"crime-crapuleux-a-arzew-il-tue-le-frere-de-sa-fiancee","status":"publish","type":"post","link":"https:\/\/linitiative.ca\/International\/crime-crapuleux-a-arzew-il-tue-le-frere-de-sa-fiancee\/","title":{"rendered":"CRIME CRAPULEUX A ARZEW : Il tue le fr\u00e8re de sa fianc\u00e9e"},"content":{"rendered":"<p><br id=\"sep_para_1\" class=\"sep_para access\"\/><\/p>\n<div id=\"para_1\" class=\"para_33888609 resize\">\n<div class=\"texte access firstletter\">Les r\u00e9sidents de la plus grande cit\u00e9 r\u00e9sidentielle des Chevriers dans le chef-lieu de la commune d&rsquo;Arzew ont v\u00e9cu un\u00a0 grand drame jeudi dernier, lors d&rsquo;une dispute qui \u00e9clata dans leur la cit\u00e9 des Chevriers entre un jeune d\u00e9nomm\u00e9, Hamideche Abdenor et le\u00a0 fianc\u00e9 de sa s\u0153ur, un jeune gar\u00e7on r\u00e9sident \u00e0 Es-S\u00e9nia. Ce dernier est venu au domicile de sa fianc\u00e9e, suite \u00e0 son appel pour la d\u00e9fendre des diff\u00e9rentes agressions perp\u00e9tr\u00e9es au quotidien par son jeune fr\u00e8re, selon les informations recueillies aupr\u00e8s du voisinage. Les deux jeunes se sont rencontr\u00e9s dans la r\u00e9sidence et au cours d&rsquo;une longue discussion et \u00e9changes de mots,\u00a0 une dispute \u00e9clata entre eux. Le fianc\u00e9 se sentant faible face \u00e0 son adversaire pour se d\u00e9fendre, n&rsquo;a pas h\u00e9sit\u00e9 \u00e0\u00a0 sortir une arme blanche, avec laquelle il\u00a0 assena\u00a0 plusieurs coups de couteau dans le thorax de son adversaire qu\u2019il abandonna le laissant dans une mar\u00e9e de sang, lequel succomba \u00e0 ces blessures. Une fois alert\u00e9s, les \u00e9l\u00e9ments de la protection civile de\u00a0 la da\u00efra d&rsquo;Arzew qui se sont d\u00e9plac\u00e9s sur les lieux du drame ont \u00e9vacu\u00e9\u00a0 la victime \u00e0 l&rsquo;h\u00f4pital d&rsquo;El Mohgoun pour une autopsie. L&rsquo;auteur du crime s&rsquo;est pr\u00e9sent\u00e9 \u00e0 la s\u00fbret\u00e9 de da\u00efra d&rsquo;Arzew. Une enqu\u00eate fut ouverte par les \u00e9l\u00e9ments de la s\u00fbret\u00e9 de da\u00efra d&rsquo;Arzew pour d\u00e9terminer les causes r\u00e9elles de cet incident.\u00a0\u00a0\u00a0<\/div>\n<\/div>\n<p>Auteur: Medjadji H .<br \/>\n<a href=\"https:\/\/www.reflexiondz.net\/CRIME-CRAPULEUX-A-ARZEW-Il-tue-le-frere-de-sa-fiancee_a58704.html\">Cliquez ici pour lire l&rsquo;article depuis sa source.<\/a><\/p>\n","protected":false},"excerpt":{"rendered":"<p>Les r\u00e9sidents de la plus grande cit\u00e9 r\u00e9sidentielle des Chevriers dans le chef-lieu de la commune d&rsquo;Arzew ont v\u00e9cu un\u00a0 grand drame jeudi dernier, lors d&rsquo;une dispute qui \u00e9clata dans leur la cit\u00e9 des Chevriers entre un jeune d\u00e9nomm\u00e9, Hamideche Abdenor et le\u00a0 fianc\u00e9 de sa s\u0153ur, un jeune gar\u00e7on r\u00e9sident \u00e0 Es-S\u00e9nia. Ce dernier [&hellip;]<\/p>\n","protected":false},"author":1740,"featured_media":0,"comment_status":"closed","ping_status":"closed","sticky":false,"template":"","format":"standard","meta":{"fifu_image_url":"","fifu_image_alt":"","footnotes":""},"categories":[53,76],"tags":[],"class_list":["post-66985","post","type-post","status-publish","format-standard","hentry","category-algerie","category-regions"],"_links":{"self":[{"href":"https:\/\/linitiative.ca\/International\/wp-json\/wp\/v2\/posts\/66985","targetHints":{"allow":["GET"]}}],"collection":[{"href":"https:\/\/linitiative.ca\/International\/wp-json\/wp\/v2\/posts"}],"about":[{"href":"https:\/\/linitiative.ca\/International\/wp-json\/wp\/v2\/types\/post"}],"author":[{"embeddable":true,"href":"https:\/\/linitiative.ca\/International\/wp-json\/wp\/v2\/users\/1740"}],"replies":[{"embeddable":true,"href":"https:\/\/linitiative.ca\/International\/wp-json\/wp\/v2\/comments?post=66985"}],"version-history":[{"count":0,"href":"https:\/\/linitiative.ca\/International\/wp-json\/wp\/v2\/posts\/66985\/revisions"}],"wp:attachment":[{"href":"https:\/\/linitiative.ca\/International\/wp-json\/wp\/v2\/media?parent=66985"}],"wp:term":[{"taxonomy":"category","embeddable":true,"href":"https:\/\/linitiative.ca\/International\/wp-json\/wp\/v2\/categories?post=66985"},{"taxonomy":"post_tag","embeddable":true,"href":"https:\/\/linitiative.ca\/International\/wp-json\/wp\/v2\/tags?post=66985"}],"curies":[{"name":"wp","href":"https:\/\/api.w.org\/{rel}","templated":true}]}}