{"id":66986,"date":"2019-11-09T12:21:00","date_gmt":"2019-11-09T17:21:00","guid":{"rendered":"https:\/\/linitiative.ca\/International\/sidi-bel-abbes-4-policiers-places-sous-mandat-de-depot\/"},"modified":"2019-11-09T12:21:00","modified_gmt":"2019-11-09T17:21:00","slug":"sidi-bel-abbes-4-policiers-places-sous-mandat-de-depot","status":"publish","type":"post","link":"https:\/\/linitiative.ca\/International\/sidi-bel-abbes-4-policiers-places-sous-mandat-de-depot\/","title":{"rendered":"SIDI BEL ABBES : 4 policiers  plac\u00e9s sous mandat de d\u00e9p\u00f4t"},"content":{"rendered":"<p><br id=\"sep_para_1\" class=\"sep_para access\"\/><\/p>\n<div id=\"para_1\" class=\"para_33888610 resize\">\n<div class=\"photo shadow left\"><a href=\"javascript:void(0)\" rel=\"https:\/\/www.reflexiondz.net\/photo\/art\/grande\/39313775-33888610.jpg?v=1573323065&#038;ibox\" title=\"SIDI BEL ABBES : 4 policiers plac\u00e9s sous mandat de d\u00e9p\u00f4t\"><img decoding=\"async\" class=\"responsive c9\" src=\"https:\/\/www.reflexiondz.net\/photo\/art\/grande\/39313775-33888610.jpg?v=1573323065\" alt=\"SIDI BEL ABBES : 4 policiers plac\u00e9s sous mandat de d\u00e9p\u00f4t\" title=\"SIDI BEL ABBES : 4 policiers plac\u00e9s sous mandat de d\u00e9p\u00f4t\"\/><img decoding=\"async\" class=\"not-responsive\" src=\"https:\/\/www.reflexiondz.net\/photo\/art\/default\/39313775-33888610.jpg?v=1573323067\" alt=\"SIDI BEL ABBES : 4 policiers plac\u00e9s sous mandat de d\u00e9p\u00f4t\" title=\"SIDI BEL ABBES : 4 policiers plac\u00e9s sous mandat de d\u00e9p\u00f4t\"\/><\/a><\/div>\n<div class=\"texte access firstletter\">Quatre policiers (3 brigadiers et un agent de l&rsquo;ordre public) ont \u00e9t\u00e9\u00a0 interpell\u00e9s, suite \u00e0 une plainte, avec preuves \u00e0 l&rsquo;appui, d\u00e9pos\u00e9e \u00e0 la \u00a0\u00bbPolice des polices\u00a0\u00bb, relevant de la s\u00fbret\u00e9 de wilaya de Sidi Bel Abb\u00e8s par trois victimes, ont \u00e9t\u00e9 plac\u00e9s en d\u00e9tention provisoire par le magistrat instructeur pr\u00e8s le tribunal de Sidi Bel Abbes, a-t-on appris d&rsquo;une source fiable.<br \/>Les 4\u00a0 \u00e9l\u00e9ments de la police, selon notre source, seraient impliqu\u00e9s dans une affaire d&rsquo;abus de fonction et d&rsquo;autorit\u00e9 contre particulier, li\u00e9e \u00e0 une saisie non r\u00e9glementaire, effectu\u00e9e\u00a0 dimanche dernier, lors d&rsquo;un contr\u00f4le\u00a0 de routine, d&rsquo;une somme de 1000 euros.\u00a0<\/div>\n<\/div>\n<p>Auteur: N.M<br \/>\n<a href=\"https:\/\/www.reflexiondz.net\/SIDI-BEL-ABBES-4-policiers-places-sous-mandat-de-depot_a58705.html\">Cliquez ici pour lire l&rsquo;article depuis sa source.<\/a><\/p>\n","protected":false},"excerpt":{"rendered":"<p>Quatre policiers (3 brigadiers et un agent de l&rsquo;ordre public) ont \u00e9t\u00e9\u00a0 interpell\u00e9s, suite \u00e0 une plainte, avec preuves \u00e0 l&rsquo;appui, d\u00e9pos\u00e9e \u00e0 la \u00a0\u00bbPolice des polices\u00a0\u00bb, relevant de la s\u00fbret\u00e9 de wilaya de Sidi Bel Abb\u00e8s par trois victimes, ont \u00e9t\u00e9 plac\u00e9s en d\u00e9tention provisoire par le magistrat instructeur pr\u00e8s le tribunal de Sidi [&hellip;]<\/p>\n","protected":false},"author":1740,"featured_media":0,"comment_status":"closed","ping_status":"closed","sticky":false,"template":"","format":"standard","meta":{"fifu_image_url":"","fifu_image_alt":"","footnotes":""},"categories":[53,76],"tags":[],"class_list":["post-66986","post","type-post","status-publish","format-standard","hentry","category-algerie","category-regions"],"_links":{"self":[{"href":"https:\/\/linitiative.ca\/International\/wp-json\/wp\/v2\/posts\/66986","targetHints":{"allow":["GET"]}}],"collection":[{"href":"https:\/\/linitiative.ca\/International\/wp-json\/wp\/v2\/posts"}],"about":[{"href":"https:\/\/linitiative.ca\/International\/wp-json\/wp\/v2\/types\/post"}],"author":[{"embeddable":true,"href":"https:\/\/linitiative.ca\/International\/wp-json\/wp\/v2\/users\/1740"}],"replies":[{"embeddable":true,"href":"https:\/\/linitiative.ca\/International\/wp-json\/wp\/v2\/comments?post=66986"}],"version-history":[{"count":0,"href":"https:\/\/linitiative.ca\/International\/wp-json\/wp\/v2\/posts\/66986\/revisions"}],"wp:attachment":[{"href":"https:\/\/linitiative.ca\/International\/wp-json\/wp\/v2\/media?parent=66986"}],"wp:term":[{"taxonomy":"category","embeddable":true,"href":"https:\/\/linitiative.ca\/International\/wp-json\/wp\/v2\/categories?post=66986"},{"taxonomy":"post_tag","embeddable":true,"href":"https:\/\/linitiative.ca\/International\/wp-json\/wp\/v2\/tags?post=66986"}],"curies":[{"name":"wp","href":"https:\/\/api.w.org\/{rel}","templated":true}]}}