{"id":66993,"date":"2019-11-09T03:30:00","date_gmt":"2019-11-09T08:30:00","guid":{"rendered":"https:\/\/linitiative.ca\/International\/riadh-zghal-retour-a-la-case-depart-ou-nouveau-depart-du-processus-democratique\/"},"modified":"2019-11-09T03:30:00","modified_gmt":"2019-11-09T08:30:00","slug":"riadh-zghal-retour-a-la-case-depart-ou-nouveau-depart-du-processus-democratique","status":"publish","type":"post","link":"https:\/\/linitiative.ca\/International\/riadh-zghal-retour-a-la-case-depart-ou-nouveau-depart-du-processus-democratique\/","title":{"rendered":"Riadh Zghal: Retour \u00e0 la case d\u00e9part ou nouveau d\u00e9part du processus d\u00e9mocratique?"},"content":{"rendered":"<p>Le slogan \u00abachaab yourid\u00bb (le peuple veut), ressorti par le pr\u00e9sident \u00e9lu, occulte cet \u00e9clatement du paysage politique et le fait que nombreux sont ceux qui ont vot\u00e9 \u00e0 la pr\u00e9sidentielle pour un candidat par d\u00e9faut et non par conviction. Ni le peuple, ni la cat\u00e9gorie d\u2019\u00e9lecteurs jeunes ne constituent une masse compacte, homog\u00e8ne et exempte d\u2019antagonismes.<\/p>\n<p>Le probl\u00e8me actuellement est que le paysage politique est trouble, ouvert sur plusieurs possibles et diffuse une anxi\u00e9t\u00e9 parmi plusieurs citoyens. En revanche, de nouveaux horizons sont ouverts car il y a des signes annonciateurs d\u2019une rupture politique et sociale qui peut \u00eatre salvatrice comme elle peut \u00eatre nocive.<\/p>\n<p>Il y a un processus d\u00e9mocratique qui avance inexorablement. Des signaux positifs l\u2019attestent. Tout d\u2019abord, des \u00e9lections ont \u00e9t\u00e9 organis\u00e9es dans les d\u00e9lais pr\u00e9vus, dans la s\u00e9r\u00e9nit\u00e9 et la concurrence pacifique m\u00eame si quelques violations des dispositions l\u00e9gales ont \u00e9t\u00e9 constat\u00e9es. La soci\u00e9t\u00e9 civile s\u2019est exprim\u00e9e en \u00e9tablissant des listes \u00e9lectorales marquant une distance par rapport aux partis qui ne sont pas en mesure de la repr\u00e9senter. Un important \u00e9lectorat de jeunes ont milit\u00e9 au sein des divers partis, d\u2019autres se sont trouv\u00e9 un leader en la personne de Ka\u00efs Sa\u00efed, alors que le mouvement de<\/p>\n<p>2010 &#8211; 2011 s\u2019est fait sans leadership. La libert\u00e9 d\u2019expression gagn\u00e9e depuis 2011 se maintient malgr\u00e9 quelques b\u00e9mols, des institutions de soutien au processus de d\u00e9mocratisation telles que l\u2019Isie fonctionnent.<\/p>\n<p>Reste la d\u00e9mocratie locale qui a du mal \u00e0 se mettre en place. Le fonctionnement des municipalit\u00e9s est loin d\u2019\u00eatre satisfaisant au vu de la persistance de l\u2019occupation ill\u00e9gale des espaces publics par des commer\u00e7ants, des constructions anarchiques et des ordures jet\u00e9es ici et l\u00e0 sans aucun respect pour l\u2019environnement. Certains \u00e9lus d\u00e9mocratiquement d\u00e9missionnent des conseils municipaux pour diverses raisons dont les conflits, le style de direction du pr\u00e9sident du conseil, le manque de moyens financiers pour r\u00e9pondre \u00e0 la demande des citoyens\u2026 La Constitution pr\u00e9voit des conseils r\u00e9gionaux \u00e9lus. Ces conseils n\u2019ont pas encore \u00e9t\u00e9 constitu\u00e9s pour parachever une d\u00e9mocratie \u00e0 trois niveaux: local, r\u00e9gional, national. La demande d\u2019une d\u00e9mocratie locale persiste mais on ne sait pas encore comment la satisfaire et l\u2019arrimer \u00e0 une strat\u00e9gie nationale. Les Tunisiens se cherchent et ce n\u2019est pas un \u00abprogramme\u00bb \u00e9tabli par un groupe de jeunes r\u00e9unis dans un caf\u00e9 autour d\u2019un professeur et sans exp\u00e9rience de gestion des affaires publiques qui va satisfaire les besoins d\u2019une communaut\u00e9 qui manque de ressources et d\u2019opportunit\u00e9s d\u2019emploi. Le pr\u00e9sident \u00e9lu d\u00e9clare que son programme, c\u2019est la volont\u00e9 du peuple. Mais de quel peuple s\u2019agit-il? Celui qu\u2019il a rencontr\u00e9 dans des espaces publics fr\u00e9quent\u00e9s principalement par des hommes (n\u2019oublions pas le conservatisme de la soci\u00e9t\u00e9 tunisienne)? Celui des employ\u00e9s ou celui des sans-emploi? Celui des femmes des r\u00e9gions rurales priv\u00e9es de propri\u00e9t\u00e9 fonci\u00e8re et qui travaillent 14 heures par jour sans disposer d\u2019un revenu permettant de leur assurer \u00e0 elles et leurs familles une vie d\u00e9cente? Celui des travailleurs du secteur informel? Celui des entrepreneurs innovateurs?&#8230;<\/p>\n<p>Ce que K.S. a r\u00e9ussi, c\u2019est de se poser en r\u00e9f\u00e9rence \u00e0 des pans entiers de la soci\u00e9t\u00e9 en d\u00e9tresse psychologique \u00e0 cause des espoirs perdus et des conditions de vie qui, au lieu de s\u2019am\u00e9liorer, ont empir\u00e9 depuis 2011. Ceux qui ont vu en lui un leader ont travaill\u00e9 pour le faire \u00e9lire et, gr\u00e2ce aux r\u00e9seaux sociaux, se sont constitu\u00e9s en \u00abop\u00e9rateurs politiques\u00bb selon les termes du sociologue Alain Touraine. Ils ont donn\u00e9 de la voix et semblent continuer \u00e0 se faire entendre \u00e0 travers la campagne de propret\u00e9 qu\u2019ils ont initi\u00e9e dans les diff\u00e9rentes r\u00e9gions du pays. K.S. a r\u00e9colt\u00e9 les fruits de son action en s\u2019adressant \u00e0 des jeunes qui ont eu la chance de fr\u00e9quenter l\u2019universit\u00e9, et qui se servent des r\u00e9seaux sociaux pour agir.<\/p>\n<p>Par contre N.K, qui a consacr\u00e9 sa campagne aux pauvres et surtout aux extr\u00eamement pauvres, laiss\u00e9s au bord de la route du d\u00e9veloppement aussi bien \u00e9conomique qu\u2019\u00e9ducatif, avait tr\u00e8s peu de chance de leur donner de la voix. Quand il les a amen\u00e9s \u00e0 s\u2019exprimer sur sa cha\u00eene t\u00e9l\u00e9vis\u00e9e, il en a donn\u00e9 une image d\u00e9testable pour les Tunisiens pour qui la valeur de dignit\u00e9 est fondamentale. Vient \u00e0 l\u2019esprit cette parole du proph\u00e8te \u00ab\u00bb (la main qui donne est sup\u00e9rieure \u00e0 celle qui re\u00e7oit, et dans une autre lecture, celle qui refuse le don est \u00e9galement sup\u00e9rieure). Ces pauvres gens, plac\u00e9s dans une position d\u2019inf\u00e9riorit\u00e9, n\u2019avaient donc aucune chance de se transformer en acteurs politiques, \u00e0 part \u00e9taler leur mis\u00e8re.<\/p>\n<p>Maintenant que la campagne de propret\u00e9 d\u00e9note un r\u00e9veil du sens de la responsabilit\u00e9 partag\u00e9e entre institutions et citoyens, que des jeunes d\u00e9s\u0153uvr\u00e9s se d\u00e9cident \u00e0 bouger et si leur \u00e9lan n\u2019est pas \u00e9ph\u00e9m\u00e8re, alors il faudra mettre cela sur le compte d\u2019un processus d\u00e9mocratique qui avance inexorablement dans notre pays. En revanche, pour ne pas se laisser leurrer par des apparences, on devra garder \u00e0 l\u2019esprit que l\u2019enthousiasme des moments de victoire ne doit pas cacher que la diversit\u00e9, les antagonismes et les conflits d\u2019int\u00e9r\u00eats ne sont pas solubles dans la d\u00e9mocratie en marche. Les adresser demande de la m\u00e9thode et de la comp\u00e9tence pour assurer une bonne gouvernance aux niveaux local, r\u00e9gional et national. Cela demande une vision strat\u00e9gique au niveau de l\u2019Etat qui soit en coh\u00e9rence avec les aspirations profondes des citoyens sans exclusion aucune. Cela demande aussi que les citoyens se mettent au travail car il y a une diff\u00e9rence entre emploi non productif et travail r\u00e9el. Ce sont les conditions pour que la d\u00e9mocratie inachev\u00e9e continue son petit bonhomme de chemin.<\/p>\n<p class=\"c2\"><strong>Riadh Zghal<\/strong><\/p>\n<p class=\"c3\">\u00a0<\/p>\n<p class=\"c3\"><strong><a href=\"https:\/\/www.leaders.com.tn\/le_mensuel_abonnez_vous\"><img loading=\"lazy\" decoding=\"async\" src=\"\/uploads\/FCK_files\/Bondou(7).jpg\" alt=\"\" width=\"500\" vspace=\"5\" hspace=\"5\" height=\"128\" align=\"middle\"\/><\/a><\/strong><\/p>\n<p>Auteur:<br \/>\n<a href=\"https:\/\/www.leaders.com.tn\/article\/28367-riadh-zghal-retour-a-la-case-depart-ou-nouveau-depart-du-processus-democratique\">Cliquez ici pour lire l&rsquo;article depuis sa source.<\/a><\/p>\n","protected":false},"excerpt":{"rendered":"<p>Le slogan \u00abachaab yourid\u00bb (le peuple veut), ressorti par le pr\u00e9sident \u00e9lu, occulte cet \u00e9clatement du paysage politique et le fait que nombreux sont ceux qui ont vot\u00e9 \u00e0 la pr\u00e9sidentielle pour un candidat par d\u00e9faut et non par conviction. Ni le peuple, ni la cat\u00e9gorie d\u2019\u00e9lecteurs jeunes ne constituent une masse compacte, homog\u00e8ne et [&hellip;]<\/p>\n","protected":false},"author":1772,"featured_media":66994,"comment_status":"closed","ping_status":"closed","sticky":false,"template":"","format":"standard","meta":{"fifu_image_url":"","fifu_image_alt":"","footnotes":""},"categories":[73,55],"tags":[],"class_list":["post-66993","post","type-post","status-publish","format-standard","has-post-thumbnail","hentry","category-actualite","category-tunisie"],"_links":{"self":[{"href":"https:\/\/linitiative.ca\/International\/wp-json\/wp\/v2\/posts\/66993","targetHints":{"allow":["GET"]}}],"collection":[{"href":"https:\/\/linitiative.ca\/International\/wp-json\/wp\/v2\/posts"}],"about":[{"href":"https:\/\/linitiative.ca\/International\/wp-json\/wp\/v2\/types\/post"}],"author":[{"embeddable":true,"href":"https:\/\/linitiative.ca\/International\/wp-json\/wp\/v2\/users\/1772"}],"replies":[{"embeddable":true,"href":"https:\/\/linitiative.ca\/International\/wp-json\/wp\/v2\/comments?post=66993"}],"version-history":[{"count":0,"href":"https:\/\/linitiative.ca\/International\/wp-json\/wp\/v2\/posts\/66993\/revisions"}],"wp:featuredmedia":[{"embeddable":true,"href":"https:\/\/linitiative.ca\/International\/wp-json\/"}],"wp:attachment":[{"href":"https:\/\/linitiative.ca\/International\/wp-json\/wp\/v2\/media?parent=66993"}],"wp:term":[{"taxonomy":"category","embeddable":true,"href":"https:\/\/linitiative.ca\/International\/wp-json\/wp\/v2\/categories?post=66993"},{"taxonomy":"post_tag","embeddable":true,"href":"https:\/\/linitiative.ca\/International\/wp-json\/wp\/v2\/tags?post=66993"}],"curies":[{"name":"wp","href":"https:\/\/api.w.org\/{rel}","templated":true}]}}