{"id":67001,"date":"2019-11-09T04:17:55","date_gmt":"2019-11-09T09:17:55","guid":{"rendered":"https:\/\/linitiative.ca\/International\/la-sorec-ne-lache-pas-bride\/"},"modified":"2019-11-09T04:17:55","modified_gmt":"2019-11-09T09:17:55","slug":"la-sorec-ne-lache-pas-bride","status":"publish","type":"post","link":"https:\/\/linitiative.ca\/International\/la-sorec-ne-lache-pas-bride\/","title":{"rendered":"La SOREC ne l\u00e2che pas bride"},"content":{"rendered":"<p><strong>A peine dig\u00e9r\u00e9s les fastes et r\u00e9ussites du Salon du cheval d\u2019El Jadida, voil\u00e0 que la Soci\u00e9t\u00e9 Royale d\u2019Encouragement du Cheval (SOREC) se remet en selle pour organiser, les 16 et 17 courant, le meeting international du Maroc avec des jockeys et des purs-sang venus des meilleures \u00e9curies du monde.<\/strong><\/p>\n<div class=\"c10\"\/>\n<p>C\u2019est un Omar Skalli, tout fringuant, entour\u00e9 de ses cadres qui, lundi dernier \u00e0 l\u2019hippodrome de Casa-Anfa, pr\u00e9sentait l\u2019\u00e9v\u00e8nement \u00e0 un parterre m\u00e9diatique tr\u00e8s attentif vu\u00a0son importance et aussi en raison de la beaut\u00e9 du cadre, cet hippodrome o\u00f9, comme il fut soulign\u00e9 dans ce point de presse, se d\u00e9veloppent tous les m\u00e9tiers inh\u00e9rents au cheval. Il y en a plus qu\u2019on ne le croit couramment. C\u2019est l\u00e0 toute la beaut\u00e9 et les valeurs de ce sport \u00e9questre ancestral o\u00f9 le Royaume se fait de plus en plus sa place dans le concert des nations. A bride rabattue non point, mais presque. Rendez-vous tous la semaine prochaine pour constater les progr\u00e8s qui se font \u00e0 petit trot lentement, mais s\u00fbrement.<\/p>\n<p>Aller \u00e0 son rythme est le meilleur moyen d\u2019arriver au galop final. A constater de visu \u00e0 l\u2019hippodrome d\u2019Anfa en pr\u00e9sence des A.S de la cat\u00e9gorie. On ne vous dit que \u00e7a.<\/p>\n<div class=\"c17\">\n<fieldset class=\"c16\">\n<legend><strong><span class=\"c11\">Challenge<\/span><span class=\"c12\">news<\/span><\/strong><\/legend>\n<div class=\"c15\">Le meilleur de Challenge s\u00e9lectionn\u00e9 par la r\u00e9daction :<\/p>\n<\/div>\n<\/fieldset>\n<\/div>\n<p>Auteur: challenge<br \/>\n<a href=\"https:\/\/www.challenge.ma\/la-sorec-ne-lache-pas-bride-122887\/\">Cliquez ici pour lire l&rsquo;article depuis sa source.<\/a><\/p>\n","protected":false},"excerpt":{"rendered":"<p>A peine dig\u00e9r\u00e9s les fastes et r\u00e9ussites du Salon du cheval d\u2019El Jadida, voil\u00e0 que la Soci\u00e9t\u00e9 Royale d\u2019Encouragement du Cheval (SOREC) se remet en selle pour organiser, les 16 et 17 courant, le meeting international du Maroc avec des jockeys et des purs-sang venus des meilleures \u00e9curies du monde. C\u2019est un Omar Skalli, tout [&hellip;]<\/p>\n","protected":false},"author":1787,"featured_media":0,"comment_status":"closed","ping_status":"closed","sticky":false,"template":"","format":"standard","meta":{"fifu_image_url":"","fifu_image_alt":"","footnotes":""},"categories":[78,54],"tags":[],"class_list":["post-67001","post","type-post","status-publish","format-standard","hentry","category-economie","category-maroc"],"_links":{"self":[{"href":"https:\/\/linitiative.ca\/International\/wp-json\/wp\/v2\/posts\/67001","targetHints":{"allow":["GET"]}}],"collection":[{"href":"https:\/\/linitiative.ca\/International\/wp-json\/wp\/v2\/posts"}],"about":[{"href":"https:\/\/linitiative.ca\/International\/wp-json\/wp\/v2\/types\/post"}],"author":[{"embeddable":true,"href":"https:\/\/linitiative.ca\/International\/wp-json\/wp\/v2\/users\/1787"}],"replies":[{"embeddable":true,"href":"https:\/\/linitiative.ca\/International\/wp-json\/wp\/v2\/comments?post=67001"}],"version-history":[{"count":0,"href":"https:\/\/linitiative.ca\/International\/wp-json\/wp\/v2\/posts\/67001\/revisions"}],"wp:attachment":[{"href":"https:\/\/linitiative.ca\/International\/wp-json\/wp\/v2\/media?parent=67001"}],"wp:term":[{"taxonomy":"category","embeddable":true,"href":"https:\/\/linitiative.ca\/International\/wp-json\/wp\/v2\/categories?post=67001"},{"taxonomy":"post_tag","embeddable":true,"href":"https:\/\/linitiative.ca\/International\/wp-json\/wp\/v2\/tags?post=67001"}],"curies":[{"name":"wp","href":"https:\/\/api.w.org\/{rel}","templated":true}]}}