{"id":67002,"date":"2019-11-09T04:43:29","date_gmt":"2019-11-09T09:43:29","guid":{"rendered":"https:\/\/linitiative.ca\/International\/la-federation-marocaine-des-traiteurs-et-la-cfcim-signent-une-convention-de-partenariat\/"},"modified":"2019-11-09T04:43:29","modified_gmt":"2019-11-09T09:43:29","slug":"la-federation-marocaine-des-traiteurs-et-la-cfcim-signent-une-convention-de-partenariat","status":"publish","type":"post","link":"https:\/\/linitiative.ca\/International\/la-federation-marocaine-des-traiteurs-et-la-cfcim-signent-une-convention-de-partenariat\/","title":{"rendered":"La F\u00e9d\u00e9ration Marocaine des Traiteurs et la CFCIM signent une convention de partenariat"},"content":{"rendered":"<p><strong>La F\u00e9d\u00e9ration Marocaine des Traiteurs (FMT), regroupant les principaux acteurs du secteur, a sign\u00e9, jeudi 31 octobre, une convention de partenariat avec la Chambre Fran\u00e7aise de Commerce et d\u2019Industrie du Maroc (CFCIM).<\/strong><\/p>\n<div class=\"c16\">\n<fieldset class=\"c15\">\n<legend><strong><span class=\"c10\">Challenge<\/span><span class=\"c11\">news<\/span><\/strong><\/legend>\n<div class=\"c14\">Le meilleur de Challenge s\u00e9lectionn\u00e9 par la r\u00e9daction :<\/p>\n<\/div>\n<\/fieldset>\n<\/div>\n<p>Auteur: challenge<br \/>\n<a href=\"https:\/\/www.challenge.ma\/la-federation-marocaine-des-traiteurs-et-la-cfcim-signent-une-convention-de-partenariat-122854\/\">Cliquez ici pour lire l&rsquo;article depuis sa source.<\/a><\/p>\n","protected":false},"excerpt":{"rendered":"<p>La F\u00e9d\u00e9ration Marocaine des Traiteurs (FMT), regroupant les principaux acteurs du secteur, a sign\u00e9, jeudi 31 octobre, une convention de partenariat avec la Chambre Fran\u00e7aise de Commerce et d\u2019Industrie du Maroc (CFCIM). Challengenews Le meilleur de Challenge s\u00e9lectionn\u00e9 par la r\u00e9daction : Auteur: challenge Cliquez ici pour lire l&rsquo;article depuis sa source.<\/p>\n","protected":false},"author":1787,"featured_media":0,"comment_status":"closed","ping_status":"closed","sticky":false,"template":"","format":"standard","meta":{"fifu_image_url":"","fifu_image_alt":"","footnotes":""},"categories":[78,54],"tags":[],"class_list":["post-67002","post","type-post","status-publish","format-standard","hentry","category-economie","category-maroc"],"_links":{"self":[{"href":"https:\/\/linitiative.ca\/International\/wp-json\/wp\/v2\/posts\/67002","targetHints":{"allow":["GET"]}}],"collection":[{"href":"https:\/\/linitiative.ca\/International\/wp-json\/wp\/v2\/posts"}],"about":[{"href":"https:\/\/linitiative.ca\/International\/wp-json\/wp\/v2\/types\/post"}],"author":[{"embeddable":true,"href":"https:\/\/linitiative.ca\/International\/wp-json\/wp\/v2\/users\/1787"}],"replies":[{"embeddable":true,"href":"https:\/\/linitiative.ca\/International\/wp-json\/wp\/v2\/comments?post=67002"}],"version-history":[{"count":0,"href":"https:\/\/linitiative.ca\/International\/wp-json\/wp\/v2\/posts\/67002\/revisions"}],"wp:attachment":[{"href":"https:\/\/linitiative.ca\/International\/wp-json\/wp\/v2\/media?parent=67002"}],"wp:term":[{"taxonomy":"category","embeddable":true,"href":"https:\/\/linitiative.ca\/International\/wp-json\/wp\/v2\/categories?post=67002"},{"taxonomy":"post_tag","embeddable":true,"href":"https:\/\/linitiative.ca\/International\/wp-json\/wp\/v2\/tags?post=67002"}],"curies":[{"name":"wp","href":"https:\/\/api.w.org\/{rel}","templated":true}]}}