{"id":67003,"date":"2019-11-09T05:45:56","date_gmt":"2019-11-09T10:45:56","guid":{"rendered":"https:\/\/linitiative.ca\/International\/mdina-bus-une-epine-dans-le-pied-des-autorites-casablancaises\/"},"modified":"2019-11-09T05:45:56","modified_gmt":"2019-11-09T10:45:56","slug":"mdina-bus-une-epine-dans-le-pied-des-autorites-casablancaises","status":"publish","type":"post","link":"https:\/\/linitiative.ca\/International\/mdina-bus-une-epine-dans-le-pied-des-autorites-casablancaises\/","title":{"rendered":"M\u2019dina Bus, une \u00e9pine dans le pied des autorit\u00e9s casablancaises?"},"content":{"rendered":"<p><strong>M\u2019dina Bus a \u00e9t\u00e9 mis dehors, mais le feuilleton est loin d\u2019\u00eatre termin\u00e9, puisque l\u2019ex-d\u00e9l\u00e9gataire a d\u00e9cid\u00e9 d\u2019attaquer en justice la ville, et m\u00eame le nouveau d\u00e9l\u00e9gataire. Le contrat a depuis \u00e9t\u00e9 attribu\u00e9 \u00e0 Alsa, qui doit d\u2019abord assurer une p\u00e9riode de transition. Sauf que les Casablancais ne savent toujours pas \u00e0 quel saint se vouer.<\/strong><\/p>\n<div class=\"c10\"\/>\n<p>Dans son \u00e9dition du mois de novembre, le mensuel Economie &#038; Entreprises revient sur le dossier chaud du <strong>transport en commun par bus<\/strong> \u00e0 \u00a0Casablanca. Le journal indique ainsi que m\u00eame si le contrat a \u00e9t\u00e9 attribu\u00e9 \u00e0 la soci\u00e9t\u00e9 Alsa, le dossier est loin d\u2019\u00eatre clos puisque <strong>M\u2019dina Bus<\/strong> a d\u00e9cid\u00e9 d\u2019attaquer en justice la ville, et m\u00eame le nouveau d\u00e9l\u00e9gataire.<\/p>\n<p>Pour Economie &#038; Entreprises, il ne s\u2019agit ni plus ni moins d\u2019une guerre d\u2019\u00e9gos et d\u2019int\u00e9r\u00eats entre la ville de Casablanca, l\u2019autorit\u00e9 d\u00e9l\u00e9gante et l\u2019ex-d\u00e9l\u00e9gataire (M\u2019dina Bus). \u00ab\u00a0Il y a eu un probl\u00e8me de gestion et d\u2019\u00e9gos entre l\u2019ancien maire de la ville et l\u2019actionnaire de r\u00e9f\u00e9rence. Tout ce qui se passe aujourd\u2019hui n\u2019est que la cons\u00e9quence du <strong>pourrissement<\/strong> d\u2019une situation mal engag\u00e9e\u00a0\u00bb, explique une source. Tout au long du contrat, la strat\u00e9gie adopt\u00e9e par les autorit\u00e9s casablancaises a \u00e9t\u00e9 celle du \u00ab\u00a0Laisser pourrir\u00a0\u00bb.<\/p>\n<p>Lire aussi : <a href=\"https:\/\/www.challenge.ma\/grand-casablanca-terminus-pour-mdina-bus-104356\/\">Grand Casablanca : terminus pour M\u2019dina Bus<\/a><\/p>\n<p>Le journal explique qu\u2019apr\u00e8s son \u00e9lection en tant que maire de Casablanca, Abdelaziz El Omari a lanc\u00e9 un audit sur l\u2019ex\u00e9cution du contrat avec M\u2019dina Bus pour \u00ab\u00a0se d\u00e9douaner\u00a0\u00bb de la gestion catastrophique du d\u00e9l\u00e9gataire, en poste depuis 2003. De m\u00eame, outre l\u2019\u00e9tude confi\u00e9e \u00e0 KPMG, d\u2019autres \u00e9tudes plus en faveur de la ville vont \u00eatre lanc\u00e9es par le <strong>tribunal administratif<\/strong> qui croule sous une dizaine de plaintes et de contre plaintes, indique le journal, ajoutant que les plus grands perdants dans ce feuilleton sont les Casablancais qui devront payer pr\u00e8s de 2 milliards de DH.<\/p>\n<p>\u00ab\u00a0Il faut aujourd\u2019hui au moins le double des bus pr\u00e9vus pour d\u00e9congestionner la ville. Le fait de parier sur le <strong>tramway<\/strong> pour remplacer les bus est une solution non viable sur le long terme\u00a0\u00bb, estime Houcine Nosrallah, \u00e9lu au conseil de la ville de Casablanca, cit\u00e9 par Economie &#038; Entreprises, qui conclut en affirmant que l\u2019\u00e9volution du dossier du transport urbain par bus est une illustration de la <strong>l\u00e9g\u00e8ret\u00e9<\/strong> et du manque de vision avec lesquels sont g\u00e9r\u00e9es les affaires des Casablancais.<\/p>\n<div class=\"c17\">\n<fieldset class=\"c16\">\n<legend><strong><span class=\"c11\">Challenge<\/span><span class=\"c12\">news<\/span><\/strong><\/legend>\n<div class=\"c15\">Le meilleur de Challenge s\u00e9lectionn\u00e9 par la r\u00e9daction :<\/p>\n<\/div>\n<\/fieldset>\n<\/div>\n<p>Auteur: Roland Amoussou<br \/>\n<a href=\"https:\/\/www.challenge.ma\/mdina-bus-une-epine-dans-le-pied-des-autorites-casablancaises-122902\/\">Cliquez ici pour lire l&rsquo;article depuis sa source.<\/a><\/p>\n","protected":false},"excerpt":{"rendered":"<p>M\u2019dina Bus a \u00e9t\u00e9 mis dehors, mais le feuilleton est loin d\u2019\u00eatre termin\u00e9, puisque l\u2019ex-d\u00e9l\u00e9gataire a d\u00e9cid\u00e9 d\u2019attaquer en justice la ville, et m\u00eame le nouveau d\u00e9l\u00e9gataire. Le contrat a depuis \u00e9t\u00e9 attribu\u00e9 \u00e0 Alsa, qui doit d\u2019abord assurer une p\u00e9riode de transition. Sauf que les Casablancais ne savent toujours pas \u00e0 quel saint se [&hellip;]<\/p>\n","protected":false},"author":1787,"featured_media":0,"comment_status":"closed","ping_status":"closed","sticky":false,"template":"","format":"standard","meta":{"fifu_image_url":"","fifu_image_alt":"","footnotes":""},"categories":[78,54],"tags":[],"class_list":["post-67003","post","type-post","status-publish","format-standard","hentry","category-economie","category-maroc"],"_links":{"self":[{"href":"https:\/\/linitiative.ca\/International\/wp-json\/wp\/v2\/posts\/67003","targetHints":{"allow":["GET"]}}],"collection":[{"href":"https:\/\/linitiative.ca\/International\/wp-json\/wp\/v2\/posts"}],"about":[{"href":"https:\/\/linitiative.ca\/International\/wp-json\/wp\/v2\/types\/post"}],"author":[{"embeddable":true,"href":"https:\/\/linitiative.ca\/International\/wp-json\/wp\/v2\/users\/1787"}],"replies":[{"embeddable":true,"href":"https:\/\/linitiative.ca\/International\/wp-json\/wp\/v2\/comments?post=67003"}],"version-history":[{"count":0,"href":"https:\/\/linitiative.ca\/International\/wp-json\/wp\/v2\/posts\/67003\/revisions"}],"wp:attachment":[{"href":"https:\/\/linitiative.ca\/International\/wp-json\/wp\/v2\/media?parent=67003"}],"wp:term":[{"taxonomy":"category","embeddable":true,"href":"https:\/\/linitiative.ca\/International\/wp-json\/wp\/v2\/categories?post=67003"},{"taxonomy":"post_tag","embeddable":true,"href":"https:\/\/linitiative.ca\/International\/wp-json\/wp\/v2\/tags?post=67003"}],"curies":[{"name":"wp","href":"https:\/\/api.w.org\/{rel}","templated":true}]}}