{"id":67004,"date":"2019-11-09T12:37:55","date_gmt":"2019-11-09T17:37:55","guid":{"rendered":"https:\/\/linitiative.ca\/International\/le-textile-intelligent-sinvite-a-marrakech-du-13-au-15-novembre\/"},"modified":"2019-11-09T12:37:55","modified_gmt":"2019-11-09T17:37:55","slug":"le-textile-intelligent-sinvite-a-marrakech-du-13-au-15-novembre","status":"publish","type":"post","link":"https:\/\/linitiative.ca\/International\/le-textile-intelligent-sinvite-a-marrakech-du-13-au-15-novembre\/","title":{"rendered":"Le textile intelligent s\u2019invite \u00e0 Marrakech du 13 au 15 novembre"},"content":{"rendered":"<p><strong>La 7\u00e8me \u00e9dition de la conf\u00e9rence internationale sur les textiles intelligents et la mass customisation (The ITMC 2019), aura lieu, du 13 au 15 novembre \u00e0 Marrakech, avec la participation de plus de 250 conf\u00e9renciers, chercheurs et industriels en provenance de 34 pays.\u00a0<\/strong><\/p>\n<div class=\"c10\"\/>\n<p>Cette manifestation, initi\u00e9e par l\u2019Ecole Sup\u00e9rieure des Industries du textile et habillement (ESITH), en collaboration avec l\u2019Ecole Nationale Sup\u00e9rieure des Arts et Industries Textiles (ENSAIT) de Roubaix, l\u2019Universit\u00e9 de Ghent en Belgique, l\u2019Universit\u00e9 de Shinshu au Japon et le Groupe CTT au Canada, accueillera un comit\u00e9 scientifique de 40 chercheurs africains, europ\u00e9ens, am\u00e9ricains et asiatiques.<\/p>\n<p>Cette 7\u00e8me \u00e9dition sera marqu\u00e9e par l\u2019organisation de neuf conf\u00e9rences pl\u00e9ni\u00e8res anim\u00e9es par des intervenants de renomm\u00e9e internationale, notamment le Professeur Rachid Yazami, chercheur marocain et co-inventeur de la batterie au Lithium-Ion pour une conf\u00e9rence sous le th\u00e8me \u00ab\u00a0Lithium-Ion Batteries in a fast-changing world\u00a0\u00bb.\u00a0<\/p>\n<p>Cette conf\u00e9rence vise \u00e0 maximiser le potentiel de d\u00e9veloppement du textile intelligent et ses applications et \u00e0 jouer le r\u00f4le de catalyseur de synergies entre les producteurs et les industries de transformation, les fournisseurs et les consommateurs de tous les secteurs.\u00a0Les recommandations formul\u00e9es lors de cette conf\u00e9rence apporteront des contributions significatives dans le domaine du textile intelligent et de son utilisation.<\/p>\n<p>En marge de l\u2019ITMC, et pour la premi\u00e8re fois, le Salon Smart Textiles sera d\u00e9localis\u00e9 \u00e0 l\u2019\u00e9tranger. Ce salon met des prototypes des Smart Textiles en exposition interactive dans l\u2019objectif d\u2019\u00e9changer sur leurs fonctionnalit\u00e9s et d\u00e9couvrir le potentiel \u00e9norme qu\u2019ils offrent pour le march\u00e9.<\/p>\n<p>Les Textiles \u00e0 usage technique sont des produits \u00e0 base textile qui r\u00e9pondent \u00e0 des besoins de haute performance, sp\u00e9cifi\u00e9s pour une application particuli\u00e8re. Ils poss\u00e8dent des propri\u00e9t\u00e9s m\u00e9caniques, \u00e9lectriques, durables, thermiques et fonctionnelles am\u00e9lior\u00e9es qui les rendent utilisables dans diverses industries d\u2019utilisation finale, notamment l\u2019automobile, la construction, l\u2019industrie et le m\u00e9dical.\u00a0<\/p>\n<div class=\"c17\">\n<fieldset class=\"c16\">\n<legend><strong><span class=\"c11\">Challenge<\/span><span class=\"c12\">news<\/span><\/strong><\/legend>\n<div class=\"c15\">Le meilleur de Challenge s\u00e9lectionn\u00e9 par la r\u00e9daction :<\/p>\n<\/div>\n<\/fieldset>\n<\/div>\n<p>Auteur: challenge<br \/>\n<a href=\"https:\/\/www.challenge.ma\/marrakech-litmc-2019-se-tient-du-13-au-15-novembre-122915\/\">Cliquez ici pour lire l&rsquo;article depuis sa source.<\/a><\/p>\n","protected":false},"excerpt":{"rendered":"<p>La 7\u00e8me \u00e9dition de la conf\u00e9rence internationale sur les textiles intelligents et la mass customisation (The ITMC 2019), aura lieu, du 13 au 15 novembre \u00e0 Marrakech, avec la participation de plus de 250 conf\u00e9renciers, chercheurs et industriels en provenance de 34 pays.\u00a0 Cette manifestation, initi\u00e9e par l\u2019Ecole Sup\u00e9rieure des Industries du textile et habillement [&hellip;]<\/p>\n","protected":false},"author":1787,"featured_media":0,"comment_status":"closed","ping_status":"closed","sticky":false,"template":"","format":"standard","meta":{"fifu_image_url":"","fifu_image_alt":"","footnotes":""},"categories":[78,54],"tags":[],"class_list":["post-67004","post","type-post","status-publish","format-standard","hentry","category-economie","category-maroc"],"_links":{"self":[{"href":"https:\/\/linitiative.ca\/International\/wp-json\/wp\/v2\/posts\/67004","targetHints":{"allow":["GET"]}}],"collection":[{"href":"https:\/\/linitiative.ca\/International\/wp-json\/wp\/v2\/posts"}],"about":[{"href":"https:\/\/linitiative.ca\/International\/wp-json\/wp\/v2\/types\/post"}],"author":[{"embeddable":true,"href":"https:\/\/linitiative.ca\/International\/wp-json\/wp\/v2\/users\/1787"}],"replies":[{"embeddable":true,"href":"https:\/\/linitiative.ca\/International\/wp-json\/wp\/v2\/comments?post=67004"}],"version-history":[{"count":0,"href":"https:\/\/linitiative.ca\/International\/wp-json\/wp\/v2\/posts\/67004\/revisions"}],"wp:attachment":[{"href":"https:\/\/linitiative.ca\/International\/wp-json\/wp\/v2\/media?parent=67004"}],"wp:term":[{"taxonomy":"category","embeddable":true,"href":"https:\/\/linitiative.ca\/International\/wp-json\/wp\/v2\/categories?post=67004"},{"taxonomy":"post_tag","embeddable":true,"href":"https:\/\/linitiative.ca\/International\/wp-json\/wp\/v2\/tags?post=67004"}],"curies":[{"name":"wp","href":"https:\/\/api.w.org\/{rel}","templated":true}]}}