{"id":67011,"date":"2019-11-09T11:24:48","date_gmt":"2019-11-09T16:24:48","guid":{"rendered":"https:\/\/linitiative.ca\/International\/us-ben-guerdane-chokri-khatoui-demissionne\/"},"modified":"2019-11-09T11:24:48","modified_gmt":"2019-11-09T16:24:48","slug":"us-ben-guerdane-chokri-khatoui-demissionne","status":"publish","type":"post","link":"https:\/\/linitiative.ca\/International\/us-ben-guerdane-chokri-khatoui-demissionne\/","title":{"rendered":"US Ben Guerdane : Chokri Khatoui d\u00e9missionne"},"content":{"rendered":"<p>Pour la deuxi\u00e8me fois cette semaine, l\u2019entra\u00eeneur Chokri Khatoui a annonc\u00e9 sa d\u00e9mission de son poste \u00e0 l\u2019US Ben Guerdane.<\/p>\n<p>Cette d\u00e9cision a \u00e9t\u00e9 annonc\u00e9e \u00e0 la suite de la d\u00e9faite subie par son \u00e9quipe \u00e0 Sfax face au Club Sportif Sfaxien pour le compte de la 8\u00e8me journ\u00e9e de la Ligue 1.<\/p>\n<div class=\"code-block code-block-1 c4\"><ins class=\"adsbygoogle c3\" data-ad-layout=\"in-article\" data-ad-format=\"fluid\" data-ad-client=\"ca-pub-2102118777505746\" data-ad-slot=\"7301775417\"\/> <\/div>\n<p>Sans une grosse prestation du gardien de but, Bilel Souissi aujourd\u2019hui en plus de deux barres, la victoire des sfaxiens (2-0) aurait pu \u00eatre beaucoup plus lourde.<\/p>\n<p>En d\u00e9but de semaine, Chokri Khatoui avait \u00e9galement d\u00e9cid\u00e9 de quitter la formation de Ben Guerdene \u00e0 cause des agissements d\u2019un certain nombre de supporter de l\u2019\u00e9quipe.<\/p>\n<div class=\"heateor_sss_sharing_container heateor_sss_horizontal_sharing\" heateor-sss-data-href=\"https:\/\/sport.tunisienumerique.com\/us-ben-guerdane-chokri-khatoui-demissionne\/\">\n<div class=\"heateor_sss_sharing_title c5\">Cet article vous a \u00e9t\u00e9 utile? Partagez le, il int\u00e9ressera d\u2019autres personnes. Merci!<\/div>\n<ul class=\"heateor_sss_sharing_ul\">\n<li class=\"heateorSssSharingRound\"><em alt=\"Facebook\" title=\"Facebook\" class=\"heateorSssSharing heateorSssFacebookBackground c6\" onclick=\"heateorSssPopup(\"https:\/\/www.facebook.com\/sharer\/sharer.php?u=https%3A%2F%2Fsport.tunisienumerique.com%2Fus-ben-guerdane-chokri-khatoui-demissionne%2F\")\">\u00a0<\/em><\/li>\n<li class=\"heateorSssSharingRound\"><em alt=\"Twitter\" title=\"Twitter\" class=\"heateorSssSharing heateorSssTwitterBackground c6\" onclick=\"heateorSssPopup(\"http:\/\/twitter.com\/intent\/tweet?text=US%20Ben%20Guerdane%20%3A%20Chokri%20Khatoui%20d%C3%A9missionne&#038;url=https%3A%2F%2Fsport.tunisienumerique.com%2Fus-ben-guerdane-chokri-khatoui-demissionne%2F\")\">\u00a0<\/em><\/li>\n<li class=\"heateorSssSharingRound\"><em alt=\"Linkedin\" title=\"Linkedin\" class=\"heateorSssSharing heateorSssLinkedinBackground c6\" onclick=\"heateorSssPopup(\"http:\/\/www.linkedin.com\/shareArticle?mini=true&#038;url=https%3A%2F%2Fsport.tunisienumerique.com%2Fus-ben-guerdane-chokri-khatoui-demissionne%2F&#038;title=US%20Ben%20Guerdane%20%3A%20Chokri%20Khatoui%20d%C3%A9missionne\")\">\u00a0<\/em><\/li>\n<li class=\"heateorSssSharingRound\"><em alt=\"Google Gmail\" title=\"Google Gmail\" class=\"heateorSssSharing heateorSssGoogleGmailBackground c6\" onclick=\"heateorSssPopup(\"https:\/\/mail.google.com\/mail\/?ui=2&#038;view=cm&#038;fs=1&#038;tf=1&#038;su=US%20Ben%20Guerdane%20%3A%20Chokri%20Khatoui%20d%C3%A9missionne&#038;body=Link:https%3A%2F%2Fsport.tunisienumerique.com%2Fus-ben-guerdane-chokri-khatoui-demissionne%2F\")\">\u00a0<\/em><\/li>\n<li class=\"heateorSssSharingRound\"><em alt=\"Whatsapp\" title=\"Whatsapp\" class=\"heateorSssSharing heateorSssWhatsappBackground c6\"><a href=\"https:\/\/web.whatsapp.com\/send?text=US%20Ben%20Guerdane%20%3A%20Chokri%20Khatoui%20d%C3%A9missionne%20https%3A%2F%2Fsport.tunisienumerique.com%2Fus-ben-guerdane-chokri-khatoui-demissionne%2F\" rel=\"nofollow noopener noreferrer\" target=\"_blank\">\u00a0<\/a><\/em><\/li>\n<li class=\"heateorSssSharingRound\">\u00a0<\/li>\n<\/ul>\n<\/div>\n<div class=\"mvp-org-wrap mvp-org-logo\" itemprop=\"publisher\" itemscope=\"\" itemtype=\"https:\/\/schema.org\/Organization\"><img decoding=\"async\" src=\"https:\/\/sport.tunisienumerique.com\/wp-content\/uploads\/2017\/05\/logo_tunisie_numerique.png\"\/><\/div>\n<div class=\"mvp-related-posts left relative\">\n<h4 class=\"post-header\"><span class=\"post-header\">Lire aussi<\/span><\/h4>\n<\/div>\n<p>Auteur: a.<br \/>\n<a href=\"https:\/\/sport.tunisienumerique.com\/us-ben-guerdane-chokri-khatoui-demissionne\/\">Cliquez ici pour lire l&rsquo;article depuis sa source.<\/a><\/p>\n","protected":false},"excerpt":{"rendered":"<p>Pour la deuxi\u00e8me fois cette semaine, l\u2019entra\u00eeneur Chokri Khatoui a annonc\u00e9 sa d\u00e9mission de son poste \u00e0 l\u2019US Ben Guerdane. Cette d\u00e9cision a \u00e9t\u00e9 annonc\u00e9e \u00e0 la suite de la d\u00e9faite subie par son \u00e9quipe \u00e0 Sfax face au Club Sportif Sfaxien pour le compte de la 8\u00e8me journ\u00e9e de la Ligue 1. Sans une [&hellip;]<\/p>\n","protected":false},"author":1789,"featured_media":67012,"comment_status":"closed","ping_status":"closed","sticky":false,"template":"","format":"standard","meta":{"fifu_image_url":"","fifu_image_alt":"","footnotes":""},"categories":[73,55],"tags":[],"class_list":["post-67011","post","type-post","status-publish","format-standard","has-post-thumbnail","hentry","category-actualite","category-tunisie"],"_links":{"self":[{"href":"https:\/\/linitiative.ca\/International\/wp-json\/wp\/v2\/posts\/67011","targetHints":{"allow":["GET"]}}],"collection":[{"href":"https:\/\/linitiative.ca\/International\/wp-json\/wp\/v2\/posts"}],"about":[{"href":"https:\/\/linitiative.ca\/International\/wp-json\/wp\/v2\/types\/post"}],"author":[{"embeddable":true,"href":"https:\/\/linitiative.ca\/International\/wp-json\/wp\/v2\/users\/1789"}],"replies":[{"embeddable":true,"href":"https:\/\/linitiative.ca\/International\/wp-json\/wp\/v2\/comments?post=67011"}],"version-history":[{"count":0,"href":"https:\/\/linitiative.ca\/International\/wp-json\/wp\/v2\/posts\/67011\/revisions"}],"wp:featuredmedia":[{"embeddable":true,"href":"https:\/\/linitiative.ca\/International\/wp-json\/"}],"wp:attachment":[{"href":"https:\/\/linitiative.ca\/International\/wp-json\/wp\/v2\/media?parent=67011"}],"wp:term":[{"taxonomy":"category","embeddable":true,"href":"https:\/\/linitiative.ca\/International\/wp-json\/wp\/v2\/categories?post=67011"},{"taxonomy":"post_tag","embeddable":true,"href":"https:\/\/linitiative.ca\/International\/wp-json\/wp\/v2\/tags?post=67011"}],"curies":[{"name":"wp","href":"https:\/\/api.w.org\/{rel}","templated":true}]}}