{"id":67015,"date":"2019-11-09T10:23:24","date_gmt":"2019-11-09T15:23:24","guid":{"rendered":"https:\/\/linitiative.ca\/International\/drame-de-boungou-voici-les-victimes-identifiees\/"},"modified":"2019-11-09T10:23:24","modified_gmt":"2019-11-09T15:23:24","slug":"drame-de-boungou-voici-les-victimes-identifiees","status":"publish","type":"post","link":"https:\/\/linitiative.ca\/International\/drame-de-boungou-voici-les-victimes-identifiees\/","title":{"rendered":"DRAME DE BOUNGOU: voici les victimes identifi\u00e9es"},"content":{"rendered":"<div class=\"stream-item stream-item-above-post-content\">\n<p><noscript><\/p>\n<p><a href=\"\/\/www3.smartadserver.com\/ac?jump=1&#038;nwid=2136&#038;siteid=240610&#038;pgname=rg&#038;fmtid=49046&#038;visit=m&#038;tmstp=[timestamp]&#038;out=nonrich\" target=\"_blank\" rel=\"noopener noreferrer\"><img decoding=\"async\" src=\"\/\/www3.smartadserver.com\/ac?out=nonrich&#038;nwid=2136&#038;siteid=240610&#038;pgname=rg&#038;fmtid=49046&#038;visit=m&#038;tmstp=[timestamp]\" border=\"0\" alt=\"\"\/><\/a><\/p>\n<p><\/noscript><\/div>\n<p><strong>Dans un communiqu\u00e9, le Procureur du Faso pr\u00e8s le Tribunal de grande instance de Ouagadougou a publi\u00e9 la liste des personnes d\u00e9c\u00e9d\u00e9es lors de l\u2019attaque\u00a0 contre le convoi des mineurs de la soci\u00e9t\u00e9 SEMAFO, le 6 novembre 2019. Sur les 38 victimes, 29 \u00a0ont \u00e9t\u00e9 identifi\u00e9s, les 9 autres attendent d\u2019\u00eatre identifi\u00e9s.\u00a0<\/strong><\/p>\n<p><strong>\u00a0<\/strong>1- BARRO Diakalia,<\/p>\n<p>2- BENOA Bahouda Mohamed, 3- CONGO Halilou,<\/p>\n<p>4- DAH Aboukari,<\/p>\n<p>5- GAMBERE Somyeguebnoma Thierry Jules,<\/p>\n<p>6- HEMA Sibiri Mank\u00e9,<\/p>\n<p>7- KABORE Gr\u00e9goire,<\/p>\n<p>8- MA\u00cfGA Hama Amadou,<\/p>\n<p>9- NABALOUM Mahamoudou,<\/p>\n<p>10- OUALI Ouint\u00e9ni J\u00e9r\u00e9mie,<\/p>\n<p>11- OUEDRAOGO Oambi,<\/p>\n<p>12- OUEDRAOGO Elys\u00e9,<\/p>\n<p>13- OUEDRAOGO Cheik Ahmed Rahid Relwind\u00e9,<\/p>\n<p>14- OUEDRAOGO Toussaint,<\/p>\n<p>15- OUEDRAOGO Issa,<\/p>\n<p>16- OUEDRAOGO Issoufou,<\/p>\n<p>17- OUATTARA Moussa,<\/p>\n<p>18- PORGO Mohamadi,<\/p>\n<p>19- SAVADOGO Salifou,<\/p>\n<p>20- SANOGO Abou Dramane,<\/p>\n<p>21- SOMA Baba Edmond,<\/p>\n<p>22- SOMDA Boku S\u00e9v\u00e9rin,<\/p>\n<p>23- SOUBEIGA Tuuwensida Remond,<\/p>\n<p>24- TRAORE Mamadou,<\/p>\n<p>25- THIOMBIANO Tiladia Augustin,<\/p>\n<p>26- TIEMTORE Noufou,<\/p>\n<p>27- TANKOANO Foldjoa,<\/p>\n<p>28- YAOGO Cl\u00e9ment Francis,<\/p>\n<p>29- ZONG-NABA Arzouma No\u00ebl<\/p>\n<p>30- BAZOUN Sylvie,<\/p>\n<p>31 &#8211; GUIRE B. J. Arnaud,<\/p>\n<p>32- GUIRAUD Ibrahima dit Jean-Baptiste,<\/p>\n<p>33- PODA Si\u00e9 Benjamin,<\/p>\n<p>34- SANOU Moussa,<\/p>\n<p>35- SEYNOU Moussa,<\/p>\n<p>36- SONDE Abdoulaye,<\/p>\n<p>37- SYLGA Gilbert,<\/p>\n<p>38- TAPSOBA Ernest S\u00e9v\u00e9rin,<\/p>\n<p><strong>Le Procureur du Faso<\/strong><\/p>\n<p><strong>YODA Harouna<\/strong><\/p>\n<p>Auteur: Le Pays<br \/>\n<a href=\"http:\/\/lepays.bf\/drame-de-boungou-voici-les-victimes-identifiees\/\">Cliquez ici pour lire l&rsquo;article depuis sa source.<\/a><\/p>\n","protected":false},"excerpt":{"rendered":"<p>Dans un communiqu\u00e9, le Procureur du Faso pr\u00e8s le Tribunal de grande instance de Ouagadougou a publi\u00e9 la liste des personnes d\u00e9c\u00e9d\u00e9es lors de l\u2019attaque\u00a0 contre le convoi des mineurs de la soci\u00e9t\u00e9 SEMAFO, le 6 novembre 2019. Sur les 38 victimes, 29 \u00a0ont \u00e9t\u00e9 identifi\u00e9s, les 9 autres attendent d\u2019\u00eatre identifi\u00e9s.\u00a0 \u00a01- BARRO Diakalia, [&hellip;]<\/p>\n","protected":false},"author":1813,"featured_media":0,"comment_status":"closed","ping_status":"closed","sticky":false,"template":"","format":"standard","meta":{"fifu_image_url":"","fifu_image_alt":"","footnotes":""},"categories":[73,81],"tags":[],"class_list":["post-67015","post","type-post","status-publish","format-standard","hentry","category-actualite","category-burkina-faso"],"_links":{"self":[{"href":"https:\/\/linitiative.ca\/International\/wp-json\/wp\/v2\/posts\/67015","targetHints":{"allow":["GET"]}}],"collection":[{"href":"https:\/\/linitiative.ca\/International\/wp-json\/wp\/v2\/posts"}],"about":[{"href":"https:\/\/linitiative.ca\/International\/wp-json\/wp\/v2\/types\/post"}],"author":[{"embeddable":true,"href":"https:\/\/linitiative.ca\/International\/wp-json\/wp\/v2\/users\/1813"}],"replies":[{"embeddable":true,"href":"https:\/\/linitiative.ca\/International\/wp-json\/wp\/v2\/comments?post=67015"}],"version-history":[{"count":0,"href":"https:\/\/linitiative.ca\/International\/wp-json\/wp\/v2\/posts\/67015\/revisions"}],"wp:attachment":[{"href":"https:\/\/linitiative.ca\/International\/wp-json\/wp\/v2\/media?parent=67015"}],"wp:term":[{"taxonomy":"category","embeddable":true,"href":"https:\/\/linitiative.ca\/International\/wp-json\/wp\/v2\/categories?post=67015"},{"taxonomy":"post_tag","embeddable":true,"href":"https:\/\/linitiative.ca\/International\/wp-json\/wp\/v2\/tags?post=67015"}],"curies":[{"name":"wp","href":"https:\/\/api.w.org\/{rel}","templated":true}]}}