{"id":67016,"date":"2019-11-09T06:53:01","date_gmt":"2019-11-09T11:53:01","guid":{"rendered":"https:\/\/linitiative.ca\/International\/jean-bosco-ouango-un-burkinabe-au-coeur-du-business-en-coree-du-sud\/"},"modified":"2019-11-09T06:53:01","modified_gmt":"2019-11-09T11:53:01","slug":"jean-bosco-ouango-un-burkinabe-au-coeur-du-business-en-coree-du-sud","status":"publish","type":"post","link":"https:\/\/linitiative.ca\/International\/jean-bosco-ouango-un-burkinabe-au-coeur-du-business-en-coree-du-sud\/","title":{"rendered":"Jean Bosco Ouango:  Un Burkinab\u00e8 au c\u0153ur du business en Cor\u00e9e du Sud"},"content":{"rendered":"<div class=\"td-post-featured-image\"><a href=\"https:\/\/i0.wp.com\/www.sidwaya.info\/wp-content\/uploads\/2019\/11\/1jean.jpg?fit=600%2C450&#038;ssl=1\" data-caption=\"\"><img loading=\"lazy\" decoding=\"async\" width=\"600\" height=\"450\" class=\"entry-thumb td-modal-image\" src=\"https:\/\/i0.wp.com\/www.sidwaya.info\/wp-content\/uploads\/2019\/11\/1jean.jpg?resize=600%2C450&#038;ssl=1\" srcset=\"https:\/\/i0.wp.com\/www.sidwaya.info\/wp-content\/uploads\/2019\/11\/1jean.jpg?w=600&#038;ssl=1 600w, https:\/\/i0.wp.com\/www.sidwaya.info\/wp-content\/uploads\/2019\/11\/1jean.jpg?resize=300%2C225&#038;ssl=1 300w, https:\/\/i0.wp.com\/www.sidwaya.info\/wp-content\/uploads\/2019\/11\/1jean.jpg?resize=560%2C420&#038;ssl=1 560w, https:\/\/i0.wp.com\/www.sidwaya.info\/wp-content\/uploads\/2019\/11\/1jean.jpg?resize=80%2C60&#038;ssl=1 80w, https:\/\/i0.wp.com\/www.sidwaya.info\/wp-content\/uploads\/2019\/11\/1jean.jpg?resize=265%2C198&#038;ssl=1 265w\" sizes=\"auto, (max-width: 600px) 100vw, 600px\" alt=\"\" title=\"1jean\"\/><\/a><\/div>\n<div class=\"td-a-rec td-a-rec-id-content_top tdi_30_aed td_block_template_1\"><img loading=\"lazy\" decoding=\"async\" class=\"aligncenter size-full wp-image-15640\" src=\"https:\/\/www.sidwaya.info\/wp-content\/uploads\/2019\/10\/pf-pub-1.jpeg\" alt=\"\" width=\"1080\" height=\"360\"\/><\/div>\n<p><strong>Pr\u00e9sident de la communaut\u00e9 burkinab\u00e8 vivant \u00e0 S\u00e9oul, ancien \u00e9tudiant de l\u2019Universit\u00e9 Thomas Saint d\u2019Aquin de Saaba, Jean Bosco Ouango s\u2019est fait un nom aupr\u00e8s de ses compatriotes en Cor\u00e9e du Sud, o\u00f9 nous l\u2019avons en fin septembre 2019.<\/strong><\/p>\n<p>Lorsqu\u2019il quitte le Burkina Faso en 2014 pour la Cor\u00e9e du S\u00e9oul, \u00e0 la recherche d\u2019un master en business administration, Jean Bosco Ouango, 31 ans, de taille moyenne, svelte, cheveux cr\u00e9pus, sourire en coin, ne pensait pas devenir, trois ans plus tard, un chef d\u2019entreprise. Mais,\u00a0en business comme dans l\u2019arm\u00e9e, le terrain commande la man\u0153uvre. D\u00e8s l\u2019obtention de son dipl\u00f4me en 2016, il est employ\u00e9 dans une entreprise de vente de v\u00e9hicules. Le milieu lui pla\u00eet. Le business est en ad\u00e9quation avec sa formation. Le natif de Fada N\u2019Gourma nourrit une ambition\u00a0: passer du statut d\u2019employ\u00e9 \u00e0 celui de chef d\u2019entreprise. Il \u00e9conomise ses revenus mensuels. Comme aux \u00e2mes bien n\u00e9es, la valeur n\u2019attend point le nombre des ann\u00e9es, l\u2019enfant du village de Tanga dans le Namentenga, cr\u00e9e en 2019 \u00e0 S\u00e9oul, Orbis auto, une soci\u00e9t\u00e9 charg\u00e9e de l\u2019exportation des v\u00e9hicules d\u2019occasion achet\u00e9s au cours des op\u00e9rations de ventes aux ench\u00e8res organis\u00e9es deux fois par semaine dans la capitale du Pays du matin calme. Ces voitures, toutes de marque cor\u00e9enne, telles que Kia et Hundai, sont convoy\u00e9es vers l\u2019Afrique via les ports de Tema au Ghana, Lom\u00e9 au Togo, Dares Salam en\u00a0 Tanzanie,\u00a0 \u00e0 Madagascar, mais aussi vers les pays de l\u2019Am\u00e9rique latine notamment le Guatemala, le Chili et les Iles Fiji. \u00ab<em>Je vends une centaine de v\u00e9hicules par mois. Mais mon objectif, c\u2019est d\u2019exporter au moins 1000 par mois\u00bb,<\/em> confie-t-il<em>.<\/em> Les sommes investies sont tops secret. Le chiffre d\u2019affaires, \u00e9galement myst\u00e8re\u00a0! <em>\u00a0\u00ab\u00c7a va pour le moment. J\u2019esp\u00e8re que mon business va continuer \u00e0 prosp\u00e9rer\u00a0\u00bb,<\/em> se contente de dire Ouango.<\/p>\n<blockquote>\n<p><strong>Mari\u00e9 \u00e0 une Cor\u00e9enne<\/strong><\/p>\n<\/blockquote>\n<p>Le jeune entrepreneur, souligne, qu\u2019en plus du prix de la voiture qui varie de 800\u00a0000 \u00e0 une dizaine de millions F CFA, tout client doit d\u00e9bourser 1 million 300 mille F CFA comme frais de transit. A l\u2019endroit de ceux qui ont des doutes sur la qualit\u00e9 des marques cor\u00e9ennes, l\u2019ancien \u00e9tudiant de l\u2019Universit\u00e9 Saint Thomas d\u2019Aquin rassure\u00a0: \u00ab<em>en tant que Burkinab\u00e8, je passe au crible le v\u00e9hicule notamment le moteur et la boite \u00e0 vitesse<\/em> <em>avant de l\u2019envoyer<\/em>\u00bb. Pour convaincre ses clients\u00a0 de la solidit\u00e9 de ses engins, \u00a0Jean Bosco soutient qu\u2019en Cor\u00e9e du Sud, un v\u00e9hicule neuf ne peut rester en circulation plus de six ans.<\/p>\n<p>Afin de s\u2019int\u00e9grer, il a d\u00fb, comme tous les \u00e9tudiants d\u00e9sirant poursuivre leurs \u00e9tudes dans cette p\u00e9ninsule asiatique, apprendre pendant une ann\u00e9e \u00a0la langue cor\u00e9enne. Il s\u2019est \u00e9galement\u00a0 investi, selon lui, \u00e0 comprendre la culture de ce pays. Comme si cela ne suffisait pas, l\u2019ancien \u00e9l\u00e8ve du lyc\u00e9e Sainte Collecte de Ouagadougou a convol\u00e9 en justes noces avec Lee Sejin, une Cor\u00e9enne travaillant \u00e0 l\u2019Agence internationale\u00a0 cor\u00e9enne pour le d\u00e9veloppement. Mieux, il a obtenu le statut de r\u00e9sident permanent. Ce qui a permis \u00e0 Ouango d\u2019embrasser une carri\u00e8re d\u2019homme d\u2019affaires. Mais le jeune chef d\u2019entreprise a une autre corde \u00e0 son arc. Il est le pr\u00e9sident de l\u2019Association des Burkinab\u00e8 de\u00a0 S\u00e9oul regroupant une cinquantaine de ses compatriotes.\u00a0 \u00ab\u00a0<em>Mes compatriotes sont nos fr\u00e8res. C\u2019est pourquoi, nous nous rendons visite r\u00e9guli\u00e8rement et tenons des r\u00e9unions pour rester solidaires\u00a0\u00bb,<\/em> rapporte-t-il \u00e0 ce propos<em>.<\/em> Meurtri par l\u2019ins\u00e9curit\u00e9 que conna\u00eet son pays, il esp\u00e8re que le peuple burkinab\u00e8 viendra \u00e0 bout des forces du mal.<\/p>\n<p class=\"c1\"><strong>Anselme KAMBIRE<\/strong><\/p>\n<p class=\"c1\"><strong>(De retour de S\u00e9oul)<\/strong><\/p>\n<div class=\"td-a-rec td-a-rec-id-content_bottom tdi_31_6ad td_block_template_1\"><img loading=\"lazy\" decoding=\"async\" class=\"aligncenter size-full wp-image-9623\" src=\"https:\/\/www.sidwaya.info\/wp-content\/uploads\/2019\/06\/Projet-bannie%CC%80re-Orange-mobile.jpg\" alt=\"\" width=\"728\" height=\"81\"\/><\/div>\n<p>Auteur: BS. Sidwaya<br \/>\n<a href=\"https:\/\/www.sidwaya.info\/blog\/2019\/11\/09\/jean-bosco-ouango-un-burkinabe-au-coeur-du-business-en-coree-du-sud\/\">Cliquez ici pour lire l&rsquo;article depuis sa source.<\/a><\/p>\n","protected":false},"excerpt":{"rendered":"<p>Pr\u00e9sident de la communaut\u00e9 burkinab\u00e8 vivant \u00e0 S\u00e9oul, ancien \u00e9tudiant de l\u2019Universit\u00e9 Thomas Saint d\u2019Aquin de Saaba, Jean Bosco Ouango s\u2019est fait un nom aupr\u00e8s de ses compatriotes en Cor\u00e9e du Sud, o\u00f9 nous l\u2019avons en fin septembre 2019. Lorsqu\u2019il quitte le Burkina Faso en 2014 pour la Cor\u00e9e du S\u00e9oul, \u00e0 la recherche d\u2019un [&hellip;]<\/p>\n","protected":false},"author":1816,"featured_media":0,"comment_status":"closed","ping_status":"closed","sticky":false,"template":"","format":"standard","meta":{"fifu_image_url":"","fifu_image_alt":"","footnotes":""},"categories":[73,81],"tags":[],"class_list":["post-67016","post","type-post","status-publish","format-standard","hentry","category-actualite","category-burkina-faso"],"_links":{"self":[{"href":"https:\/\/linitiative.ca\/International\/wp-json\/wp\/v2\/posts\/67016","targetHints":{"allow":["GET"]}}],"collection":[{"href":"https:\/\/linitiative.ca\/International\/wp-json\/wp\/v2\/posts"}],"about":[{"href":"https:\/\/linitiative.ca\/International\/wp-json\/wp\/v2\/types\/post"}],"author":[{"embeddable":true,"href":"https:\/\/linitiative.ca\/International\/wp-json\/wp\/v2\/users\/1816"}],"replies":[{"embeddable":true,"href":"https:\/\/linitiative.ca\/International\/wp-json\/wp\/v2\/comments?post=67016"}],"version-history":[{"count":0,"href":"https:\/\/linitiative.ca\/International\/wp-json\/wp\/v2\/posts\/67016\/revisions"}],"wp:attachment":[{"href":"https:\/\/linitiative.ca\/International\/wp-json\/wp\/v2\/media?parent=67016"}],"wp:term":[{"taxonomy":"category","embeddable":true,"href":"https:\/\/linitiative.ca\/International\/wp-json\/wp\/v2\/categories?post=67016"},{"taxonomy":"post_tag","embeddable":true,"href":"https:\/\/linitiative.ca\/International\/wp-json\/wp\/v2\/tags?post=67016"}],"curies":[{"name":"wp","href":"https:\/\/api.w.org\/{rel}","templated":true}]}}