{"id":67017,"date":"2019-11-09T09:35:06","date_gmt":"2019-11-09T14:35:06","guid":{"rendered":"https:\/\/linitiative.ca\/International\/attaque-meurtriere-du-convoi-de-semafo-le-president-senegalais-macky-sall-solidaire-au-peuple-burkinabe\/"},"modified":"2019-11-09T09:35:06","modified_gmt":"2019-11-09T14:35:06","slug":"attaque-meurtriere-du-convoi-de-semafo-le-president-senegalais-macky-sall-solidaire-au-peuple-burkinabe","status":"publish","type":"post","link":"https:\/\/linitiative.ca\/International\/attaque-meurtriere-du-convoi-de-semafo-le-president-senegalais-macky-sall-solidaire-au-peuple-burkinabe\/","title":{"rendered":"Attaque meurtri\u00e8re du convoi de SEMAFO:  Le pr\u00e9sident s\u00e9n\u00e9galais, Macky Sall solidaire au peuple burkinab\u00e9"},"content":{"rendered":"<div class=\"td-post-featured-image\"><a href=\"https:\/\/i1.wp.com\/www.sidwaya.info\/wp-content\/uploads\/2019\/11\/photo1.jpg?fit=600%2C463&#038;ssl=1\" data-caption=\"\"><img loading=\"lazy\" decoding=\"async\" width=\"600\" height=\"463\" class=\"entry-thumb td-modal-image\" src=\"https:\/\/i1.wp.com\/www.sidwaya.info\/wp-content\/uploads\/2019\/11\/photo1.jpg?resize=600%2C463&#038;ssl=1\" srcset=\"https:\/\/i1.wp.com\/www.sidwaya.info\/wp-content\/uploads\/2019\/11\/photo1.jpg?w=600&#038;ssl=1 600w, https:\/\/i1.wp.com\/www.sidwaya.info\/wp-content\/uploads\/2019\/11\/photo1.jpg?resize=300%2C232&#038;ssl=1 300w, https:\/\/i1.wp.com\/www.sidwaya.info\/wp-content\/uploads\/2019\/11\/photo1.jpg?resize=544%2C420&#038;ssl=1 544w\" sizes=\"auto, (max-width: 600px) 100vw, 600px\" alt=\"\" title=\"photo1\"\/><\/a><\/div>\n<div class=\"td-a-rec td-a-rec-id-content_top tdi_30_9cc td_block_template_1\"><img loading=\"lazy\" decoding=\"async\" class=\"aligncenter size-full wp-image-15640\" src=\"https:\/\/www.sidwaya.info\/wp-content\/uploads\/2019\/10\/pf-pub-1.jpeg\" alt=\"\" width=\"1080\" height=\"360\"\/><\/div>\n<p><strong>Le pr\u00e9sident du S\u00e9n\u00e9gal, Macky Sall est venu manifester sa compassion et son soutien \u00e0 son homologue Roch Marc Christian Kabor\u00e9, suite aux attaques\u00a0 meurtri\u00e8res du convoi de SEMAFO, le mercredi dernier. C\u2019\u00e9tait le vendredi 8 novembre 2019 au palais de Kosyam.<\/strong><\/p>\n<p><strong>\u00a0<\/strong>L\u2019attaque du convoi de la soci\u00e9t\u00e9 mini\u00e8re SEMAFO SA, sur l\u2019axe Ourgou-Boungou dans la r\u00e9gion de l\u2019Est faisant une trentaine de morts et une soixantaine de bless\u00e9s le mercredi\u00a0 6 novembre 2019, n\u2019a pas laiss\u00e9 le pr\u00e9sident S\u00e9n\u00e9galais Macky Sall indiff\u00e9rent. En provenance de Niamey au Niger o\u00f9 il a pris part au sommet extraordinaire des chefs d\u2019Etat et de gouvernement de la CEDEAO, l\u2019h\u00f4te a fait escale le vendredi 8 novembre 2019 \u00e0 Ouagadougou et\u00a0 pr\u00e9sent\u00e9 \u00a0ses condol\u00e9ances\u00a0 au peuple burkinab\u00e9 qui a \u00e9t\u00e9 encore endeuill\u00e9 par les \u00a0terroristes. <em>\u00ab\u00a0Nous voulons dire aux Burkinab\u00e9, que nous sommes dans un monde o\u00f9 aucun pays n\u2019est \u00e9pargn\u00e9 des violences terroristes. M\u00eame dans les pays les plus d\u00e9velopp\u00e9s, on enregistre quotidiennement des attaques\u00a0\u00bb,<\/em> a-t-il signifi\u00e9 \u00e0 l\u2019issu de son entretien avec le pr\u00e9sident du Faso. Pour lui, la complexit\u00e9 de la situation se justifie par le fait qu\u2019il s\u2019agit d\u2019attaques asym\u00e9triques, o\u00f9 l\u2019ennemi choisit le lieu et le moment de \u2018\u2019frapper\u2019\u2019. <em>\u00ab\u00a0Et cette situation est plus regrettable que ce soient des civiles qui aient \u00e9t\u00e9 assassin\u00e9s\u00bb<\/em>, a jout\u00e9 le pr\u00e9sident Sall. Il a not\u00e9 que les chefs d\u2019Etat se sont inclin\u00e9s \u00e0 Niamey en m\u00e9moire des personnes d\u00e9c\u00e9d\u00e9es et ont souhait\u00e9 prompt r\u00e9tablissement aux bless\u00e9es. A l\u2019entendre, les homologues qui \u00e9taient pr\u00e9sents au sommet lui ont demand\u00e9 de transmettre leur message de condol\u00e9ances au pr\u00e9sident Kabor\u00e9 et \u00e0 tout le peuple burkinab\u00e9. <em>\u00ab\u00a0J\u2019aurai voulu venir dans d\u2019autres circonstances heureuses, mais cette solidarit\u00e9 nous a fait obligation, ma d\u00e9l\u00e9gation et moi, d\u2019\u00eatre solidaires au Burkina Faso\u00a0\u00bb,<\/em> a-t-il conclu.<\/p>\n<p><strong>Afs\u00e9tou SAWADOGO<\/strong><\/p>\n<div class=\"td-a-rec td-a-rec-id-content_bottom tdi_31_1c2 td_block_template_1\"><img loading=\"lazy\" decoding=\"async\" class=\"aligncenter size-full wp-image-9623\" src=\"https:\/\/www.sidwaya.info\/wp-content\/uploads\/2019\/06\/Projet-bannie%CC%80re-Orange-mobile.jpg\" alt=\"\" width=\"728\" height=\"81\"\/><\/div>\n<p>Auteur: BS. Sidwaya<br \/>\n<a href=\"https:\/\/www.sidwaya.info\/blog\/2019\/11\/09\/attaque-meurtriere-du-convoi-de-semafo-le-president-senegalais-macky-sall-solidaire-au-peuple-burkinabe\/\">Cliquez ici pour lire l&rsquo;article depuis sa source.<\/a><\/p>\n","protected":false},"excerpt":{"rendered":"<p>Le pr\u00e9sident du S\u00e9n\u00e9gal, Macky Sall est venu manifester sa compassion et son soutien \u00e0 son homologue Roch Marc Christian Kabor\u00e9, suite aux attaques\u00a0 meurtri\u00e8res du convoi de SEMAFO, le mercredi dernier. C\u2019\u00e9tait le vendredi 8 novembre 2019 au palais de Kosyam. \u00a0L\u2019attaque du convoi de la soci\u00e9t\u00e9 mini\u00e8re SEMAFO SA, sur l\u2019axe Ourgou-Boungou dans [&hellip;]<\/p>\n","protected":false},"author":1816,"featured_media":0,"comment_status":"closed","ping_status":"closed","sticky":false,"template":"","format":"standard","meta":{"fifu_image_url":"","fifu_image_alt":"","footnotes":""},"categories":[73,81],"tags":[],"class_list":["post-67017","post","type-post","status-publish","format-standard","hentry","category-actualite","category-burkina-faso"],"_links":{"self":[{"href":"https:\/\/linitiative.ca\/International\/wp-json\/wp\/v2\/posts\/67017","targetHints":{"allow":["GET"]}}],"collection":[{"href":"https:\/\/linitiative.ca\/International\/wp-json\/wp\/v2\/posts"}],"about":[{"href":"https:\/\/linitiative.ca\/International\/wp-json\/wp\/v2\/types\/post"}],"author":[{"embeddable":true,"href":"https:\/\/linitiative.ca\/International\/wp-json\/wp\/v2\/users\/1816"}],"replies":[{"embeddable":true,"href":"https:\/\/linitiative.ca\/International\/wp-json\/wp\/v2\/comments?post=67017"}],"version-history":[{"count":0,"href":"https:\/\/linitiative.ca\/International\/wp-json\/wp\/v2\/posts\/67017\/revisions"}],"wp:attachment":[{"href":"https:\/\/linitiative.ca\/International\/wp-json\/wp\/v2\/media?parent=67017"}],"wp:term":[{"taxonomy":"category","embeddable":true,"href":"https:\/\/linitiative.ca\/International\/wp-json\/wp\/v2\/categories?post=67017"},{"taxonomy":"post_tag","embeddable":true,"href":"https:\/\/linitiative.ca\/International\/wp-json\/wp\/v2\/tags?post=67017"}],"curies":[{"name":"wp","href":"https:\/\/api.w.org\/{rel}","templated":true}]}}