{"id":67018,"date":"2019-11-09T11:18:03","date_gmt":"2019-11-09T16:18:03","guid":{"rendered":"https:\/\/linitiative.ca\/International\/le-gamou-celebre-dans-une-communion-islamo-chretienne-a-tivaouane\/"},"modified":"2019-11-09T11:18:03","modified_gmt":"2019-11-09T16:18:03","slug":"le-gamou-celebre-dans-une-communion-islamo-chretienne-a-tivaouane","status":"publish","type":"post","link":"https:\/\/linitiative.ca\/International\/le-gamou-celebre-dans-une-communion-islamo-chretienne-a-tivaouane\/","title":{"rendered":"Le Gamou c\u00e9l\u00e9br\u00e9 dans une communion islamo-chr\u00e9tienne \u00e0 Tivaouane"},"content":{"rendered":"<div readability=\"32\">\n<p>Publi\u00e9 le 09.11.2019 \u00e0 17h18 par APA News<\/p>\n<\/div>\n<div readability=\"127\">\n<p>Des centaines de milliers de fid\u00e8les musulmans attendent de c\u00e9l\u00e9brer \u00e0 Tivaouane, dans la nuit de samedi \u00e0 dimanche, le Gamou ou naissance du proph\u00e8te de l\u2019islam Mouhammad, avec d\u00e9j\u00e0 une grande solidarit\u00e9 affich\u00e9e par une partie de la communaut\u00e9 chr\u00e9tienne install\u00e9e depuis des ann\u00e9es dans cette ville fond\u00e9e par le guide soufi Elhadji Malick Sy.Au c\u0153ur de cette ville religieuse situ\u00e9e dans la r\u00e9gion de Thi\u00e8s (70 km de Dakar), les Diompy, une famille catholique install\u00e9e depuis 1963, continuent d\u2019accueillir ce samedi des disciples tidjanes venus c\u00e9l\u00e9brer le Gamou. La concession ne d\u00e9semplit pas. Et on arriverait m\u00eame \u00e0 croire que L\u00e9opold Diompy est membre de cette communaut\u00e9 en le voyant \u00e9couter sur son poste radio des chants tidjanes.<\/p>\n<p>\u00ab J\u2019\u00e9coute les chants de toutes les ob\u00e9diences. Cela ne m\u2019emp\u00eache pas d\u2019\u00eatre ancr\u00e9e dans ma foi catholique \u00bb, a rectifi\u00e9 Diompy, la cinquantaine, ensemble blouson bleu, m\u00e9canicien de profession, soulignant que son d\u00e9funt p\u00e8re a b\u00e2ti leur maison en 1981.<\/p>\n<p>Et cette habitation en \u00ab parfaite harmonie \u00bb avec les musulmans dans la cit\u00e9, qui fait qu\u2019\u00e0 chaque Gamou la poign\u00e9e de catholiques leur ouvrent leurs portes, est inspir\u00e9e du \u00ab khalife \u00bb qui a facilit\u00e9 leur installation.<\/p>\n<p>Ami du patriarche de la famille, le parachutiste \u00e0 la retraite Demba Fall loge ici \u00e0 chaque Gamou, quand il vient de son Yang Yang (centre). Il est \u00e9galement pr\u00e9sent lors des c\u00e9r\u00e9monies de \u00ab malheur comme de bonheur \u00bb de cette famille.<\/p>\n<p>\u00ab La religion on le met de c\u00f4t\u00e9, c\u2019est la relation qui est plus importante. Son p\u00e8re m\u2019a donn\u00e9 son c\u0153ur, je lui ai rendu le mien \u00bb, a dit ce vieil homme qui garde toujours en m\u00e9moire son matricule d\u2019agent de l\u2019arm\u00e9e s\u00e9n\u00e9galaise.<\/p>\n<p>Accroch\u00e9 pr\u00e8s de la grande mosqu\u00e9e de la ville, point d\u2019attraction des fid\u00e8les tidjanes, le c\u00e9l\u00e8bre Bakary Sambe, fondateur du think tank Timbuktu Institute, a salu\u00e9 ce geste entre chr\u00e9tiens et musulmans, notant que \u00ab la religion au S\u00e9n\u00e9gal reste un facteur de coh\u00e9sion sociale \u00bb.<\/p>\n<p>Mais malgr\u00e9 que \u00ab le mod\u00e8le s\u00e9n\u00e9galais est \u00e0 vendre, (\u2026) il ne faut pas dormir sur nos lauriers \u00bb, a pr\u00e9conis\u00e9 cet enseignant-chercheur \u00e0 l\u2019Universit\u00e9 de Saint-Louis (nord), membre du comit\u00e9 scientifique du Gamou de Tivaouane et par ailleurs tr\u00e8s sollicit\u00e9 sur les questions du terrorisme dans le Sahel.<\/p>\n<p>Cette nuit, chants et causeries sur la vie et l\u2019\u0153uvre du proph\u00e8te Mouhammad, n\u00e9 au 12e jour du calendrier musulman, seront effectu\u00e9s dans une enceinte non loin de la mosqu\u00e9e, en pr\u00e9sence du khalife g\u00e9n\u00e9ral Serigne Babacar Sy Mansour, peu apr\u00e8s la c\u00e9r\u00e9monie officielle pr\u00e9vue cet apr\u00e8s-midi.\u00a0<\/p>\n<p>Une fid\u00e8le comme Seynabou Dione, pr\u00e9sente depuis le d\u00e9but de la \u00ab Bourda \u00bb, une s\u00e9ance de r\u00e9citation de pan\u00e9gyriques sur le proph\u00e8te cl\u00f4tur\u00e9e avant-hier apr\u00e8s dix jours successifs, est \u00ab contente \u00bb d\u2019avoir effectu\u00e9 tous les actes de d\u00e9votion qu\u2019elle avait pr\u00e9vus l\u00e0 o\u00f9 Path\u00e9 Gu\u00e8ye, 40 ans, venu de Kafountine au sud du S\u00e9n\u00e9gal, vit pour \u00ab la premi\u00e8re fois \u00bb la joie d\u2019assister \u00e0 un Gamou.\u00a0<\/p>\n<p>Saluant \u00ab le r\u00f4le des confr\u00e9ries et des marabouts \u00bb, il n\u2019a pas manqu\u00e9 de prier lors de ce s\u00e9jour pour les membres de sa \u00ab famille \u00bb et surtout pour le maintien de \u00ab la paix dans le pays \u00bb.<\/p>\n<p>Plusieurs autres p\u00e8lerins rencontr\u00e9s aux abords de la mosqu\u00e9e se disent aussi satisfaits de l\u2019organisation de cette \u00e9dition du Gamou, une manifestation \u00e9galement organis\u00e9e dans plusieurs foyers religieux du pays.\u00a0<\/p>\n<p>A Tivaouane, la s\u00e9curit\u00e9 semble de mise avec une forte pr\u00e9sence polici\u00e8re not\u00e9e.\u00a0<\/p>\n<p>D\u2019ailleurs, la police affirme avoir interpell\u00e9 quelque 70 individus pour diverses infractions (vol, drogue, \u2026) lors d\u2019op\u00e9rations de s\u00e9curisation qu\u2019elle a men\u00e9es dans le cadre de la c\u00e9l\u00e9bration de la naissance du proph\u00e8te de l\u2019islam dans cette ville.<\/p>\n<\/div>\n<p>Auteur: APA News<br \/>\n<a href=\"https:\/\/www.journalducameroun.com\/le-gamou-celebre-dans-une-communion-islamo-chretienne-a-tivaouane\/\">Cliquez ici pour lire l&rsquo;article depuis sa source.<\/a><\/p>\n","protected":false},"excerpt":{"rendered":"<p>Publi\u00e9 le 09.11.2019 \u00e0 17h18 par APA News Des centaines de milliers de fid\u00e8les musulmans attendent de c\u00e9l\u00e9brer \u00e0 Tivaouane, dans la nuit de samedi \u00e0 dimanche, le Gamou ou naissance du proph\u00e8te de l\u2019islam Mouhammad, avec d\u00e9j\u00e0 une grande solidarit\u00e9 affich\u00e9e par une partie de la communaut\u00e9 chr\u00e9tienne install\u00e9e depuis des ann\u00e9es dans cette [&hellip;]<\/p>\n","protected":false},"author":1965,"featured_media":0,"comment_status":"closed","ping_status":"closed","sticky":false,"template":"","format":"standard","meta":{"fifu_image_url":"","fifu_image_alt":"","footnotes":""},"categories":[73,82],"tags":[],"class_list":["post-67018","post","type-post","status-publish","format-standard","hentry","category-actualite","category-cameroun"],"_links":{"self":[{"href":"https:\/\/linitiative.ca\/International\/wp-json\/wp\/v2\/posts\/67018","targetHints":{"allow":["GET"]}}],"collection":[{"href":"https:\/\/linitiative.ca\/International\/wp-json\/wp\/v2\/posts"}],"about":[{"href":"https:\/\/linitiative.ca\/International\/wp-json\/wp\/v2\/types\/post"}],"author":[{"embeddable":true,"href":"https:\/\/linitiative.ca\/International\/wp-json\/wp\/v2\/users\/1965"}],"replies":[{"embeddable":true,"href":"https:\/\/linitiative.ca\/International\/wp-json\/wp\/v2\/comments?post=67018"}],"version-history":[{"count":0,"href":"https:\/\/linitiative.ca\/International\/wp-json\/wp\/v2\/posts\/67018\/revisions"}],"wp:attachment":[{"href":"https:\/\/linitiative.ca\/International\/wp-json\/wp\/v2\/media?parent=67018"}],"wp:term":[{"taxonomy":"category","embeddable":true,"href":"https:\/\/linitiative.ca\/International\/wp-json\/wp\/v2\/categories?post=67018"},{"taxonomy":"post_tag","embeddable":true,"href":"https:\/\/linitiative.ca\/International\/wp-json\/wp\/v2\/tags?post=67018"}],"curies":[{"name":"wp","href":"https:\/\/api.w.org\/{rel}","templated":true}]}}