{"id":67023,"date":"2019-11-10T03:12:31","date_gmt":"2019-11-10T08:12:31","guid":{"rendered":"https:\/\/linitiative.ca\/International\/le-fifm-devoile-sa-selection-officielle-de-films-a-couteaux-tires-de-rian-johnson-ouvre-le-bal\/"},"modified":"2019-11-10T03:12:31","modified_gmt":"2019-11-10T08:12:31","slug":"le-fifm-devoile-sa-selection-officielle-de-films-a-couteaux-tires-de-rian-johnson-ouvre-le-bal","status":"publish","type":"post","link":"https:\/\/linitiative.ca\/International\/le-fifm-devoile-sa-selection-officielle-de-films-a-couteaux-tires-de-rian-johnson-ouvre-le-bal\/","title":{"rendered":"Le FIFM d\u00e9voile sa s\u00e9lection officielle de films : \u00ab\u00c0 couteaux tir\u00e9s\u00bb de Rian Johnson ouvre le bal"},"content":{"rendered":"<p><img decoding=\"async\" class=\"post_layout_5_img\" src=\"http:\/\/aujourdhui.ma\/wp-content\/uploads\/2019\/11\/FIFM-Film-A%CC%80-couteaux-tire%CC%81s.jpg?x29840\" alt=\"Le FIFM d\u00e9voile sa s\u00e9lection officielle de films : \u00ab\u00c0 couteaux tir\u00e9s\u00bb de Rian Johnson ouvre le bal\"\/><\/p>\n<p class=\"p1\"><span class=\"c4\"><strong><span class=\"s1\"><em>Invit\u00e9 d\u2019honneur de cette 18\u00e8me \u00e9dition, le cin\u00e9ma australien sera pr\u00e9sent en force \u00e0 Marrakech cette ann\u00e9e, et ce \u00e0 travers la programmation de pas moins de 25 films entre films d\u2019auteurs, grands classiques et succ\u00e8s populaires dans diff\u00e9rents espaces de la ville.<\/em><\/span><\/strong><\/span><span id=\"more-322962\"\/><\/p>\n<p class=\"p1\"><span class=\"s1\">Le 18\u00e8me Festival international du film de Marrakech (FIFM), qui se tiendra du 29 novembre au 7 d\u00e9cembre, r\u00e9v\u00e8le sa s\u00e9lection officielle. Ce sont 98 films, provenant de 34 pays, r\u00e9partis en plusieurs sections, qui seront projet\u00e9s lors de cette grand-messe cin\u00e9matographique. En d\u00e9tail, la comp\u00e9tition officielle reste, selon les initiateurs, fid\u00e8le au positionnement du festival. Il s\u2019agit de montrer des premiers ou seconds longs m\u00e9trages afin de r\u00e9v\u00e9ler et de promouvoir les nouveaux talents du cin\u00e9ma mondial. <em>\u00abLes 14 films en lice pour d\u00e9crocher l\u2019\u00c9toile d\u2019Or de Marrakech t\u00e9moignent tous d\u2019un sens \u00e9tonnant du style et de la profondeur de la pens\u00e9e. Certains osent m\u00eame explorer de nouveaux territoires et \u00e9tablir des approches personnelles et tr\u00e8s originales de la cr\u00e9ation cin\u00e9matographique\u00bb,<\/em> exaltent les organisateurs. C\u2019est \u00e9galement une s\u00e9lection \u00e9clectique, qui met \u00e0 l\u2019honneur plusieurs univers cin\u00e9matographiques originaires de diff\u00e9rentes r\u00e9gions dans le monde avec 3 films europ\u00e9ens (Royaume-Uni, Italie, Serbie), 2 films d\u2019Am\u00e9rique latine (Br\u00e9sil, Colombie), un film am\u00e9ricain, un film australien, 3 films asiatiques (Chine, Inde, Cor\u00e9e du Sud), et 4 films issus de la r\u00e9gion MEA (Maroc, Tunisie, Arabie Saoudite, S\u00e9n\u00e9gal). Sur les 14 films en comp\u00e9tition, cinq sont r\u00e9alis\u00e9s par des femmes. En ouverture, les festivaliers ont rendez-vous avec un grand thriller am\u00e9ricain : \u00ab\u00c0 couteaux tir\u00e9s\u00bb. R\u00e9alis\u00e9 par Rian Johnson, il repr\u00e9sente une approche moderne et comique du genre du \u00abmurder mystery\u00bb.<\/span><\/p>\n<p class=\"p1\"><span class=\"s1\">Quant aux s\u00e9ances de gala, elles pr\u00e9senteront des avant-premi\u00e8res de cin\u00e9astes respect\u00e9s \u00e0 l\u2019image de \u00abMarriage Story\u00bb de Noah Baumbach (\u00c9tats-Unis), \u00abThe Irishman\u00bb de Martin Scorsese (\u00c9tats-Unis), et \u00abIt Must Be Heaven\u00bb d\u2019Elia Suleiman (Palestine). Trois tr\u00e8s beaux d\u00e9buts en r\u00e9alisation compl\u00e8tent les projections de gala de cette \u00e9dition, \u00e0 savoir \u00abNoura r\u00eave\u00bb de Hinde Boujemaa (Tunisie, Belgique, France) avec Hend Sabri dans le r\u00f4le principal, \u00abAdam\u00bb de Maryam Touzani (Maroc) avec Lubna Azabal et Nisrin Erradi. Enfin, la cl\u00f4ture du festival sera marqu\u00e9e par la projection de \u00abRas El Sana\u00bb de Sakr (\u00c9gypte) avec un casting impressionnant de stars \u00e9gyptiennes de la jeune g\u00e9n\u00e9ration.<\/span><\/p>\n<p class=\"p1\"><span class=\"s1\">Invit\u00e9 d\u2019honneur de cette 18\u00e8me \u00e9dition, le cin\u00e9ma australien sera pr\u00e9sent en force \u00e0 Marrakech cette ann\u00e9e, et ce \u00e0 travers la programmation de pas moins de 25 films entre films d\u2019auteurs, grands classiques et succ\u00e8s populaires dans diff\u00e9rents espaces de la ville. De plus, la section \u00abLe 11e Continent\u00bb cr\u00e9\u00e9e en 2018 continue d\u2019explorer de nouveaux territoires de la cr\u00e9ation cin\u00e9matographique. 11 films, parmi lesquels des fictions et des documentaires, proposeront au public des \u00e9critures singuli\u00e8res et innovantes de cin\u00e9astes audacieux en provenance de Belgique, du Canada, d\u2019Alg\u00e9rie et du Portugal, entre autres. Le cin\u00e9ma national sera, encore cette ann\u00e9e, fortement mis en valeur. En plus du film en comp\u00e9tition et de celui montr\u00e9 en s\u00e9ance de gala, le \u00abPanorama du cin\u00e9ma marocain\u00bb pr\u00e9sentera une s\u00e9lection de 4 films avec pour ambition de faire d\u00e9couvrir diff\u00e9rentes facettes du cin\u00e9ma marocain aux professionnels et m\u00e9dias internationaux pr\u00e9sents au festival. Au total, 11 films marocains seront montr\u00e9s dans les diff\u00e9rentes sections du festival. Dans l\u2019ensemble, le FIFM regorge de surprises \u00e0 d\u00e9couvrir lors de la dur\u00e9e du festival.<\/span><\/p>\n<p><a href=\"http:\/\/aujourdhui.ma\/wp-content\/uploads\/2019\/11\/Films-FIFM-.jpg?x29840\"><img loading=\"lazy\" decoding=\"async\" class=\"size-full wp-image-322971 aligncenter\" src=\"http:\/\/aujourdhui.ma\/wp-content\/uploads\/2019\/11\/Films-FIFM-.jpg?x29840\" alt=\"\" width=\"479\" height=\"779\" srcset=\"http:\/\/aujourdhui.ma\/wp-content\/uploads\/2019\/11\/Films-FIFM-.jpg 479w, http:\/\/aujourdhui.ma\/wp-content\/uploads\/2019\/11\/Films-FIFM--184x300.jpg 184w\" sizes=\"auto, (max-width: 479px) 100vw, 479px\"\/><\/a><\/p>\n<p>Auteur: ALM<br \/>\n<a href=\"http:\/\/aujourdhui.ma\/culture\/cinema\/le-fifm-devoile-sa-selection-officielle-de-films-a-couteaux-tires-de-rian-johnson-ouvre-le-bal\">Cliquez ici pour lire l&rsquo;article depuis sa source.<\/a><\/p>\n","protected":false},"excerpt":{"rendered":"<p>Invit\u00e9 d\u2019honneur de cette 18\u00e8me \u00e9dition, le cin\u00e9ma australien sera pr\u00e9sent en force \u00e0 Marrakech cette ann\u00e9e, et ce \u00e0 travers la programmation de pas moins de 25 films entre films d\u2019auteurs, grands classiques et succ\u00e8s populaires dans diff\u00e9rents espaces de la ville. Le 18\u00e8me Festival international du film de Marrakech (FIFM), qui se tiendra [&hellip;]<\/p>\n","protected":false},"author":1759,"featured_media":0,"comment_status":"closed","ping_status":"closed","sticky":false,"template":"","format":"standard","meta":{"fifu_image_url":"","fifu_image_alt":"","footnotes":""},"categories":[73,54],"tags":[],"class_list":["post-67023","post","type-post","status-publish","format-standard","hentry","category-actualite","category-maroc"],"_links":{"self":[{"href":"https:\/\/linitiative.ca\/International\/wp-json\/wp\/v2\/posts\/67023","targetHints":{"allow":["GET"]}}],"collection":[{"href":"https:\/\/linitiative.ca\/International\/wp-json\/wp\/v2\/posts"}],"about":[{"href":"https:\/\/linitiative.ca\/International\/wp-json\/wp\/v2\/types\/post"}],"author":[{"embeddable":true,"href":"https:\/\/linitiative.ca\/International\/wp-json\/wp\/v2\/users\/1759"}],"replies":[{"embeddable":true,"href":"https:\/\/linitiative.ca\/International\/wp-json\/wp\/v2\/comments?post=67023"}],"version-history":[{"count":0,"href":"https:\/\/linitiative.ca\/International\/wp-json\/wp\/v2\/posts\/67023\/revisions"}],"wp:attachment":[{"href":"https:\/\/linitiative.ca\/International\/wp-json\/wp\/v2\/media?parent=67023"}],"wp:term":[{"taxonomy":"category","embeddable":true,"href":"https:\/\/linitiative.ca\/International\/wp-json\/wp\/v2\/categories?post=67023"},{"taxonomy":"post_tag","embeddable":true,"href":"https:\/\/linitiative.ca\/International\/wp-json\/wp\/v2\/tags?post=67023"}],"curies":[{"name":"wp","href":"https:\/\/api.w.org\/{rel}","templated":true}]}}