{"id":67026,"date":"2019-11-10T06:00:12","date_gmt":"2019-11-10T11:00:12","guid":{"rendered":"https:\/\/linitiative.ca\/International\/climat-le-maroc-montre-la-voie\/"},"modified":"2019-11-10T06:00:12","modified_gmt":"2019-11-10T11:00:12","slug":"climat-le-maroc-montre-la-voie","status":"publish","type":"post","link":"https:\/\/linitiative.ca\/International\/climat-le-maroc-montre-la-voie\/","title":{"rendered":"Climat : Le Maroc montre la voie"},"content":{"rendered":"<p><img decoding=\"async\" class=\"post_layout_5_img\" src=\"http:\/\/aujourdhui.ma\/wp-content\/uploads\/2019\/11\/changements-climatiques-Maroc.jpg?x29840\" alt=\"Climat : Le Maroc montre la voie\"\/><\/p>\n<p class=\"p1\"><span class=\"c4\"><strong>Le Royaume se pr\u00e9sente comme un v\u00e9ritable mod\u00e8le en mati\u00e8re\u00a0<\/strong><strong>d\u2019engagement pour le changement climatique<\/strong><\/span><span id=\"more-322465\"\/><\/p>\n<div class=\"base-box mom_box_sc_custom mom_box_sc clear c5\" readability=\"12\">\n<p class=\"p1\"><strong><span class=\"s1\">Le 1er Sommet Africain de l\u2019Action, organis\u00e9 \u00e0 Marrakech, a enclench\u00e9 une dynamique sans pr\u00e9c\u00e9dent, par l\u2019op\u00e9rationnalisation de deux Commissions \u00abClimat\u00bb\u00a0<\/span><span class=\"s1\">africaines du Bassin du Congo et de la R\u00e9gion du Sahel.<\/span><\/strong><\/p>\n<\/div>\n<p class=\"p1\"><span class=\"s1\">Depuis les ann\u00e9es 90 du si\u00e8cle dernier, l\u2019engagement du Maroc en faveur de la lutte contre les changements climatiques ne s\u2019est jamais d\u00e9menti. Le Royaume a de nouveau r\u00e9it\u00e9r\u00e9 en septembre dernier cet engagement \u00e0 l\u2019occasion du Sommet Action Climat, organis\u00e9 au si\u00e8ge de l\u2019ONU (Organisation des Nations Unies) \u00e0 New York. L\u2019\u00e9v\u00e9nement a \u00e9t\u00e9 marqu\u00e9 par un message royal dont lecture a \u00e9t\u00e9 donn\u00e9e par SAR la Princesse Lalla Hasnaa, pr\u00e9sidente de la Fondation Mohammed VI pour la protection de l\u2019environnement. Un message o\u00f9 il est notamment question de l\u2019exp\u00e9rience marocaine en mati\u00e8re de lutte contre les changements climatiques. \u00ab<em>Assur\u00e9ment, la d\u00e9gradation de notre environnement est un fait av\u00e9r\u00e9. Elle constitue ainsi une menace que nous nous devons d\u2019affronter conjointement. Pour sa part, le Royaume du Maroc, pays faiblement \u00e9metteur de gaz \u00e0 effet de serre, s\u2019est engag\u00e9, au titre de sa contribution nationale d\u00e9termin\u00e9e (NDC), \u00e0 r\u00e9duire ses \u00e9missions de gaz \u00e0 effet de serre en 2030 de 42%. Mieux encore, il a d\u2019ores et d\u00e9j\u00e0 lanc\u00e9 un processus inclusif et exhaustif pour pouvoir d\u00e9passer ce seuil\u00bb,<\/em> a affirm\u00e9 Sa Majest\u00e9 le Roi ajoutant que le Royaume avait \u00ab<em>en novembre dernier, d\u00e9cid\u00e9 de revoir \u00e0 la hausse ses ambitions en mati\u00e8re d\u2019\u00e9nergies renouvelables, de mani\u00e8re \u00e0 atteindre, \u00e0 l\u2019horizon 2030, 52% de la production nationale d\u2019\u00e9nergie \u00e9lectrique\u00bb.<\/em><\/span><\/p>\n<p class=\"p1\"><span class=\"s1\">L\u2019engagement du Maroc en faveur de l\u2019Afrique est \u00e9galement connu de tous. \u00ab<em>L\u2019Afrique, qui endure injustement l\u2019impact du changement climatique, doit \u00eatre une priorit\u00e9 de notre action collective. Ainsi, le 1er Sommet Africain de l\u2019Action, organis\u00e9 \u00e0 Marrakech, a enclench\u00e9 une dynamique sans pr\u00e9c\u00e9dent, par l\u2019op\u00e9rationnalisation de deux Commissions \u00abClimat\u00bb africaines du Bassin du Congo et de la R\u00e9gion du Sahel.<\/em><\/span><\/p>\n<p><a href=\"http:\/\/aujourdhui.ma\/wp-content\/uploads\/2016\/05\/Energie-eolienne.jpg?x29840\"><img loading=\"lazy\" decoding=\"async\" class=\"size-full wp-image-237239 aligncenter\" src=\"http:\/\/aujourdhui.ma\/wp-content\/uploads\/2016\/05\/Energie-eolienne.jpg?x29840\" alt=\"\" width=\"746\" height=\"380\" srcset=\"http:\/\/aujourdhui.ma\/wp-content\/uploads\/2016\/05\/Energie-eolienne.jpg 746w, http:\/\/aujourdhui.ma\/wp-content\/uploads\/2016\/05\/Energie-eolienne-300x153.jpg 300w\" sizes=\"auto, (max-width: 746px) 100vw, 746px\"\/><\/a><\/p>\n<p class=\"p1\"><span class=\"s1\"><em>Outre la \u00abCoalition pour un acc\u00e8s \u00e0 l\u2019\u00e9nergie durable\u00bb, form\u00e9e conjointement avec l\u2019\u00c9thiopie au profit des pays les moins avanc\u00e9s, notamment en Afrique, le Maroc a lanc\u00e9, avec ses pays fr\u00e8res du Continent, l\u2019initiative pour l\u2019Adaptation de l\u2019Agriculture Africaine (triple A)\u00bb,<\/em> avait relev\u00e9 le Souverain affirmant que <em>\u00abla Fondation Mohammed VI pour la protection de l\u2019environnement a cr\u00e9\u00e9, avec ses partenaires, the \u00abAfrican Youth Climate Hub\u00bb,<\/em> <em>qui vise \u00e0 mettre en valeur le leadership, l\u2019innovation et \u00e0 souligner le r\u00f4le positif de la jeunesse africaine en ce domaine. A cet \u00e9gard, le premier Sommet pour la jeunesse Climat incite \u00e0 l\u2019optimisme. Par cons\u00e9quent nous devons y r\u00e9pondre favorablement par un soutien appuy\u00e9 et effectif.<\/em><\/span><\/p>\n<p class=\"p1\"><span class=\"s1\"><em>\u00c9tablir une solidarit\u00e9 internationale effective ; trouver des financements p\u00e9rennes ; op\u00e9rer un transfert qualitatif de technologie et de savoir-faire, tels sont les imp\u00e9ratifs qui doivent nous guider pour que nous soyons \u00e0 la hauteur de cette noble ambition climatique. C\u2019est l\u00e0 le sens de Notre engagement, pour le Maroc, pour l\u2019Afrique et pour notre plan\u00e8te\u00bb.<\/em> A noter enfin que la Fondation Mohammed VI pour la protection de l\u2019environnement a \u00e9t\u00e9 cr\u00e9\u00e9e en juin 2001, \u00e0 l\u2019initiative de Sa Majest\u00e9 le Roi Mohammed VI. La pr\u00e9sidence en a \u00e9t\u00e9 confi\u00e9e d\u00e8s le d\u00e9part \u00e0 SAR la Princesse Lalla Hasnaa.<\/span><\/p>\n<p class=\"p1\"><span class=\"s1\">La mission fondamentale de la Fondation est la sensibilisation et l\u2019\u00e9ducation au d\u00e9veloppement durable. Dans cette mission, la Fondation s\u2019adresse \u00e0 tous les publics, depuis les \u00e9coliers jusqu\u2019aux d\u00e9cideurs politiques et \u00e9conomiques, en passant par le grand public.<\/span><\/p>\n<p class=\"p1\"><span class=\"s1\">La Fondation d\u00e9veloppe une prise de conscience des enjeux environnementaux, du droit \u00e0 un environnement sain et au d\u00e9veloppement durable, tel qu\u2019il est consacr\u00e9 par la Constitution du Royaume du Maroc. Par l\u2019\u00e9ducation et la sensibilisation, la Fondation pr\u00e9pare les g\u00e9n\u00e9rations futures \u00e0 prendre en main la pr\u00e9servation de leur cadre de vie, et \u00e0 s\u2019engager d\u00e9finitivement dans la voie du d\u00e9veloppement durable. Dans le d\u00e9ploiement de son programme d\u2019action, la Fondation se r\u00e9f\u00e8re aux engagements pris par le Maroc lors des sommets de Rio en 1992 et 2012, et de Johannesburg en 2002, et que le Royaume a d\u00e9clin\u00e9s dans sa charte de l\u2019environnement et du d\u00e9veloppement durable, la loi-cadre et les strat\u00e9gies nationales qui en ont d\u00e9coul\u00e9.<\/span><\/p>\n<p>Auteur: ALM<br \/>\n<a href=\"http:\/\/aujourdhui.ma\/economie\/climat-le-maroc-montre-la-voie\">Cliquez ici pour lire l&rsquo;article depuis sa source.<\/a><\/p>\n","protected":false},"excerpt":{"rendered":"<p>Le Royaume se pr\u00e9sente comme un v\u00e9ritable mod\u00e8le en mati\u00e8re\u00a0d\u2019engagement pour le changement climatique Le 1er Sommet Africain de l\u2019Action, organis\u00e9 \u00e0 Marrakech, a enclench\u00e9 une dynamique sans pr\u00e9c\u00e9dent, par l\u2019op\u00e9rationnalisation de deux Commissions \u00abClimat\u00bb\u00a0africaines du Bassin du Congo et de la R\u00e9gion du Sahel. Depuis les ann\u00e9es 90 du si\u00e8cle dernier, l\u2019engagement du Maroc [&hellip;]<\/p>\n","protected":false},"author":1759,"featured_media":0,"comment_status":"closed","ping_status":"closed","sticky":false,"template":"","format":"standard","meta":{"fifu_image_url":"","fifu_image_alt":"","footnotes":""},"categories":[73,54],"tags":[],"class_list":["post-67026","post","type-post","status-publish","format-standard","hentry","category-actualite","category-maroc"],"_links":{"self":[{"href":"https:\/\/linitiative.ca\/International\/wp-json\/wp\/v2\/posts\/67026","targetHints":{"allow":["GET"]}}],"collection":[{"href":"https:\/\/linitiative.ca\/International\/wp-json\/wp\/v2\/posts"}],"about":[{"href":"https:\/\/linitiative.ca\/International\/wp-json\/wp\/v2\/types\/post"}],"author":[{"embeddable":true,"href":"https:\/\/linitiative.ca\/International\/wp-json\/wp\/v2\/users\/1759"}],"replies":[{"embeddable":true,"href":"https:\/\/linitiative.ca\/International\/wp-json\/wp\/v2\/comments?post=67026"}],"version-history":[{"count":0,"href":"https:\/\/linitiative.ca\/International\/wp-json\/wp\/v2\/posts\/67026\/revisions"}],"wp:attachment":[{"href":"https:\/\/linitiative.ca\/International\/wp-json\/wp\/v2\/media?parent=67026"}],"wp:term":[{"taxonomy":"category","embeddable":true,"href":"https:\/\/linitiative.ca\/International\/wp-json\/wp\/v2\/categories?post=67026"},{"taxonomy":"post_tag","embeddable":true,"href":"https:\/\/linitiative.ca\/International\/wp-json\/wp\/v2\/tags?post=67026"}],"curies":[{"name":"wp","href":"https:\/\/api.w.org\/{rel}","templated":true}]}}