{"id":67028,"date":"2019-11-10T13:04:09","date_gmt":"2019-11-10T18:04:09","guid":{"rendered":"https:\/\/linitiative.ca\/International\/forte-affluence-du-public-a-la-cloture-du-sila-24\/"},"modified":"2019-11-10T13:04:09","modified_gmt":"2019-11-10T18:04:09","slug":"forte-affluence-du-public-a-la-cloture-du-sila-24","status":"publish","type":"post","link":"https:\/\/linitiative.ca\/International\/forte-affluence-du-public-a-la-cloture-du-sila-24\/","title":{"rendered":"Forte affluence du public \u00e0 la cl\u00f4ture du SILA 24"},"content":{"rendered":"<div readability=\"37\">\n<p><strong>ALGER &#8211; La 24e \u00e9dition du Salon international du livre d&rsquo;Alger (SILA 24) a pris fin, samedi apr\u00e8s-midi apr\u00e8s 10 jours d&rsquo;activit\u00e9s, et aura connu une forte affluence du public de tous \u00e2ges, notamment les jeunes.<\/strong><\/p>\n<\/div>\n<div readability=\"63\">\n<p>Au 10e jour des activit\u00e9s du SILA 24, les visiteurs ont continu\u00e9 \u00e0 affluer vers les stands qui proposaient des promotions allant jusqu&rsquo;\u00e0 40% \u00e0 l&rsquo;instar des \u00e9ditions \u00ab\u00a0publications universitaires\u00a0\u00bb d&rsquo;Egypte, ou encore la \u00ab\u00a0Massira\u00a0\u00bb de Jordanie.<\/p>\n<p>Parmi les visiteurs pr\u00e9sents, les jeunes universitaires \u00e9taient nombreux \u00e0 d\u00e9ferler notamment dans le pavillon central, en se rabattant sur les \u0153uvres litt\u00e9raires -le roman en particulier-, mais aussi sur les livres scientifiques et techniques.<\/p>\n<p>Les livres pour enfants ont attir\u00e9, \u00e9galement, une mar\u00e9e de petits venus accompagn\u00e9s de leurs familles en ce dernier jour de cette manifestation culturelle annuelle qui aura connu plusieurs vente-d\u00e9dicaces notamment au sein des \u00e9ditions alg\u00e9riennes.<\/p>\n<p>Ouvrant ses portes le 31 octobre pass\u00e9 au Palais des expositions aux Pins maritimes \u00e0 Alger, la 24e \u00e9dition du SILA a t\u00e9moign\u00e9 de la participation de 1030 maisons d&rsquo;\u00e9dition issus de 36 pays, outre le S\u00e9n\u00e9gal, invit\u00e9 d&rsquo;honneur, pr\u00e9sent avec quatre (4) \u00e9diteurs et quelque 400 titres.<\/p>\n<p>Intervenant lors d&rsquo;un point de presse, anim\u00e9 la matin\u00e9e de la journ\u00e9e de cl\u00f4ture, le commissaire du SILA, Mohamed Iguerb a fait \u00e9tat de 1.500.000 visiteurs au vendredi soir.<\/p>\n<\/div>\n<p>Auteur:<br \/>\n<a href=\"http:\/\/www.aps.dz\/culture\/97203-forte-affluence-du-public-a-la-cloture-du-sila-24\">Cliquez ici pour lire l&rsquo;article depuis sa source.<\/a><\/p>\n","protected":false},"excerpt":{"rendered":"<p>ALGER &#8211; La 24e \u00e9dition du Salon international du livre d&rsquo;Alger (SILA 24) a pris fin, samedi apr\u00e8s-midi apr\u00e8s 10 jours d&rsquo;activit\u00e9s, et aura connu une forte affluence du public de tous \u00e2ges, notamment les jeunes. Au 10e jour des activit\u00e9s du SILA 24, les visiteurs ont continu\u00e9 \u00e0 affluer vers les stands qui proposaient [&hellip;]<\/p>\n","protected":false},"author":1790,"featured_media":0,"comment_status":"closed","ping_status":"closed","sticky":false,"template":"","format":"standard","meta":{"fifu_image_url":"","fifu_image_alt":"","footnotes":""},"categories":[53,79],"tags":[],"class_list":["post-67028","post","type-post","status-publish","format-standard","hentry","category-algerie","category-culture"],"_links":{"self":[{"href":"https:\/\/linitiative.ca\/International\/wp-json\/wp\/v2\/posts\/67028","targetHints":{"allow":["GET"]}}],"collection":[{"href":"https:\/\/linitiative.ca\/International\/wp-json\/wp\/v2\/posts"}],"about":[{"href":"https:\/\/linitiative.ca\/International\/wp-json\/wp\/v2\/types\/post"}],"author":[{"embeddable":true,"href":"https:\/\/linitiative.ca\/International\/wp-json\/wp\/v2\/users\/1790"}],"replies":[{"embeddable":true,"href":"https:\/\/linitiative.ca\/International\/wp-json\/wp\/v2\/comments?post=67028"}],"version-history":[{"count":0,"href":"https:\/\/linitiative.ca\/International\/wp-json\/wp\/v2\/posts\/67028\/revisions"}],"wp:attachment":[{"href":"https:\/\/linitiative.ca\/International\/wp-json\/wp\/v2\/media?parent=67028"}],"wp:term":[{"taxonomy":"category","embeddable":true,"href":"https:\/\/linitiative.ca\/International\/wp-json\/wp\/v2\/categories?post=67028"},{"taxonomy":"post_tag","embeddable":true,"href":"https:\/\/linitiative.ca\/International\/wp-json\/wp\/v2\/tags?post=67028"}],"curies":[{"name":"wp","href":"https:\/\/api.w.org\/{rel}","templated":true}]}}