{"id":67031,"date":"2019-11-10T13:04:19","date_gmt":"2019-11-10T18:04:19","guid":{"rendered":"https:\/\/linitiative.ca\/International\/10e-fica-projection-de-fatwa-un-film-denoncant-la-montee-de-lextremise-en-tunisie\/"},"modified":"2019-11-10T13:04:19","modified_gmt":"2019-11-10T18:04:19","slug":"10e-fica-projection-de-fatwa-un-film-denoncant-la-montee-de-lextremise-en-tunisie","status":"publish","type":"post","link":"https:\/\/linitiative.ca\/International\/10e-fica-projection-de-fatwa-un-film-denoncant-la-montee-de-lextremise-en-tunisie\/","title":{"rendered":"10e Fica: projection de \u00ab\u00a0Fatwa\u00a0\u00bb, un film d\u00e9non\u00e7ant la mont\u00e9e de l&rsquo;extr\u00e9mise en Tunisie\u00a0"},"content":{"rendered":"<div readability=\"37\">\n<p><strong>ALGER- Le long m\u00e9trage de fiction \u00ab\u00a0Fatwa\u00a0\u00bb, histoire sanglante d&rsquo;une famille tunisienne en proie \u00e0 l&rsquo;obscurantisme religieux et \u00e0 la violence qu&rsquo;\u00e0 connu ce pays apr\u00e8s la chute du r\u00e9gime en place en 2011,du r\u00e9alisateur Mahmoud Ben Mahmoud, a \u00e9t\u00e9 projet\u00e9 samedi soir au public alg\u00e9rois.<\/strong><\/p>\n<\/div>\n<div readability=\"65.3501646542\">\n<p>D&rsquo;une dur\u00e9e de 102mn, ce film a \u00e9t\u00e9 pr\u00e9sent\u00e9 au jury de la section long m\u00e9trage du 10e Festival international du cin\u00e9ma d&rsquo;Alger (Fica) qui se tient depuis jeudi dans les salles de l&rsquo;Office Ryadh El Feth.<\/p>\n<p>Cette fiction relate l&rsquo;histoire de Brahim, tunisien vivant en France qui rentre au pays enterrer son fils Marouane d\u00e9c\u00e9d\u00e9 dans un accident de moto.<\/p>\n<p>jugeant que les circonstances du d\u00e9c\u00e8s de son fils demeurent opaques il d\u00e9cide de remonter le fil des trois derni\u00e8res ann\u00e9e de son fils.<\/p>\n<hr\/>\n<p>Lire aussi:\u00a0<a href=\"http:\/\/www.aps.dz\/culture\/97206-10e-fica-avant-premiere-de-143-rue-du-desert-de-hassan-ferhani\">\u00a0<span class=\"highlight\">Fica<\/span>: avant-premi\u00e8re de \u00ab\u00a0143, rue du d\u00e9sert\u00a0\u00bb de Hassan Ferhani\u00a0&#8230;<\/a><\/p>\n<hr\/>\n<p>D\u00e9couvrant que son d\u00e9funt fils militait dans un groupe islamiste, Brahim interroge son ex-femme, d\u00e9put\u00e9e et militante contre la mont\u00e9e l&rsquo;extr\u00e9misme religieux en Tunisie, et d\u00e9couvre qu&rsquo;elle avait \u00e9t\u00e9 condamn\u00e9e \u00e0 mort par ce groupe apr\u00e8s la parution de son livre et que son propre fils l&rsquo;avait menac\u00e9 avant de quitter la maison familiale.Install\u00e9 dans l&rsquo;ancien appartement de son fils, Brahim met en doute le rapport sur le d\u00e9c\u00e8s de son fils et son endoctrinement, lui qui \u00e9tait \u00e9tudiant aux beaux-arts. par ce prisme le r\u00e9alisateur montre toute l&rsquo;ampleur et la puissance de l&rsquo;endoctrinement qui pousse un jeune peintre \u00e0 battre \u00e0 mort sa muse et menacer sa propre m\u00e8re.<\/p>\n<p>Si le film, se d\u00e9roulant en 2013, se base sur l&rsquo;endoctrinement et la mont\u00e9e en puissance de l&rsquo;extr\u00e9misme en plus de la r\u00e9sistance de la soci\u00e9t\u00e9 civile tunisienne et des citoyens il se termine cependant sur une note\u00a0d&rsquo;extr\u00eame violence critiqu\u00e9 par le public.<\/p>\n<p>Inaugur\u00e9 jeudi, le 10e Fica se poursuit avec encore au programme de la comp\u00e9tition des films comme \u00ab\u00a0La Bolduc\u00a0\u00bb du canadien Fran\u00e7ois Bouvier, \u00ab\u00a0Yuli\u00a0\u00bb de l&rsquo;Espagnole Iciar Bollain, ou encore \u00ab\u00a0Paysages d&rsquo;automne de Merzak Allouache projet\u00e9 en avant-premi\u00e8re alg\u00e9rienne.<\/p>\n<\/div>\n<p>Auteur:<br \/>\n<a href=\"http:\/\/www.aps.dz\/culture\/97211-10e-fica-projection-de-fatwa-un-film-denoncant-la-montee-de-l-extremise-en-tunisie\">Cliquez ici pour lire l&rsquo;article depuis sa source.<\/a><\/p>\n","protected":false},"excerpt":{"rendered":"<p>ALGER- Le long m\u00e9trage de fiction \u00ab\u00a0Fatwa\u00a0\u00bb, histoire sanglante d&rsquo;une famille tunisienne en proie \u00e0 l&rsquo;obscurantisme religieux et \u00e0 la violence qu&rsquo;\u00e0 connu ce pays apr\u00e8s la chute du r\u00e9gime en place en 2011,du r\u00e9alisateur Mahmoud Ben Mahmoud, a \u00e9t\u00e9 projet\u00e9 samedi soir au public alg\u00e9rois. D&rsquo;une dur\u00e9e de 102mn, ce film a \u00e9t\u00e9 pr\u00e9sent\u00e9 [&hellip;]<\/p>\n","protected":false},"author":1790,"featured_media":0,"comment_status":"closed","ping_status":"closed","sticky":false,"template":"","format":"standard","meta":{"fifu_image_url":"","fifu_image_alt":"","footnotes":""},"categories":[53,79],"tags":[],"class_list":["post-67031","post","type-post","status-publish","format-standard","hentry","category-algerie","category-culture"],"_links":{"self":[{"href":"https:\/\/linitiative.ca\/International\/wp-json\/wp\/v2\/posts\/67031","targetHints":{"allow":["GET"]}}],"collection":[{"href":"https:\/\/linitiative.ca\/International\/wp-json\/wp\/v2\/posts"}],"about":[{"href":"https:\/\/linitiative.ca\/International\/wp-json\/wp\/v2\/types\/post"}],"author":[{"embeddable":true,"href":"https:\/\/linitiative.ca\/International\/wp-json\/wp\/v2\/users\/1790"}],"replies":[{"embeddable":true,"href":"https:\/\/linitiative.ca\/International\/wp-json\/wp\/v2\/comments?post=67031"}],"version-history":[{"count":0,"href":"https:\/\/linitiative.ca\/International\/wp-json\/wp\/v2\/posts\/67031\/revisions"}],"wp:attachment":[{"href":"https:\/\/linitiative.ca\/International\/wp-json\/wp\/v2\/media?parent=67031"}],"wp:term":[{"taxonomy":"category","embeddable":true,"href":"https:\/\/linitiative.ca\/International\/wp-json\/wp\/v2\/categories?post=67031"},{"taxonomy":"post_tag","embeddable":true,"href":"https:\/\/linitiative.ca\/International\/wp-json\/wp\/v2\/tags?post=67031"}],"curies":[{"name":"wp","href":"https:\/\/api.w.org\/{rel}","templated":true}]}}