{"id":67035,"date":"2019-11-10T09:45:00","date_gmt":"2019-11-10T14:45:00","guid":{"rendered":"https:\/\/linitiative.ca\/International\/benflis-se-designe-candidat-du-hirak\/"},"modified":"2019-11-10T09:45:00","modified_gmt":"2019-11-10T14:45:00","slug":"benflis-se-designe-candidat-du-hirak","status":"publish","type":"post","link":"https:\/\/linitiative.ca\/International\/benflis-se-designe-candidat-du-hirak\/","title":{"rendered":"Benflis se d\u00e9signe candidat du hirak"},"content":{"rendered":"<div id=\"originalText\" readability=\"64\">\n<p class=\"c6\">Le candidat Ali Benflis s\u2019est plac\u00e9 dans la position du candidat de la \u00ab r\u00e9volution populaire \u00bb contre celui qu\u2019il a qualifi\u00e9, sans le nommer, le \u00ab candidat du cinqui\u00e8me mandat \u00bb.<\/p>\n<p class=\"c6\">\u00ab Si cette r\u00e9volution craint le clonage du r\u00e9gime existant, je crains que ce syst\u00e8me fasse des pr\u00e9sidentielles\u00a0 un cinqui\u00e8me mandat r\u00e9p\u00e9t\u00e9 \u00bb, a d\u00e9clar\u00e9 Benflis, qui a pr\u00e9sent\u00e9 son programme aujourd\u2019hui, dimanche \u00e0 l\u2019h\u00f4tel Hilton (Alger). Afin que cela ne se produise pas, Benflis ajoute : \u00ab mon combat et le combat de mes camarades\u00a0 ne me permet pas de lui donner une chance et de lui ouvrir la voie, et ma candidature et mon programme visent \u00e0 acc\u00e9l\u00e9rer sa disparition et \u00e0 fermer les portes devant lui \u00bb.<\/p>\n<p class=\"c6\">Il est \u00e0 rappeler que Ali Benflis, candidat aux \u00e9lections pr\u00e9sidentielles de 2004 et 2014, a, dans une r\u00e9cente d\u00e9claration, qualifi\u00e9 la candidature de Abdelmadjid Tebboune comme une \u00ab distorsion de l&rsquo;\u00e9lection pr\u00e9sidentielle \u00bb.<\/p>\n<p class=\"c6\">Le Pr\u00e9sident de Talaie El-Houriyet a par ailleurs promis de faire de son quinquennat \u00ab un mandat d\u2019urgence \u00bb, o\u00f9 il jum\u00e8lerait\u00a0 entre les pr\u00e9sidentielles\u00a0 et la constituante, tout en s\u2019engageant \u00e0 dissoudre le parlement actuel et organiser des \u00e9lections l\u00e9gislatives anticip\u00e9es. R\u00e9it\u00e9rant son soutien au soul\u00e8vement du 22 f\u00e9vrier, il a ajout\u00e9 : \u00ab je me retrouve dans chaque cris du hirak, comme j\u2019\u00e9tais et je suis toujours, sans me fatiguer ni perdre espoir de porter les m\u00eames revendications et aspirations \u00bb.<\/p>\n<p class=\"c7\"><strong>Im\u00e8ne AMOKRANE<\/strong><\/p>\n<\/div>\n<div id=\"text_core\" readability=\"64\">\n<p class=\"c6\">Le candidat Ali Benflis s\u2019est plac\u00e9 dans la position du candidat de la \u00ab r\u00e9volution populaire \u00bb contre celui qu\u2019il a qualifi\u00e9, sans le nommer, le \u00ab candidat du cinqui\u00e8me mandat \u00bb.<\/p>\n<p class=\"c6\">\u00ab Si cette r\u00e9volution craint le clonage du r\u00e9gime existant, je crains que ce syst\u00e8me fasse des pr\u00e9sidentielles\u00a0 un cinqui\u00e8me mandat r\u00e9p\u00e9t\u00e9 \u00bb, a d\u00e9clar\u00e9 Benflis, qui a pr\u00e9sent\u00e9 son programme aujourd\u2019hui, dimanche \u00e0 l\u2019h\u00f4tel Hilton (Alger). Afin que cela ne se produise pas, Benflis ajoute : \u00ab mon combat et le combat de mes camarades\u00a0 ne me permet pas de lui donner une chance et de lui ouvrir la voie, et ma candidature et mon programme visent \u00e0 acc\u00e9l\u00e9rer sa disparition et \u00e0 fermer les portes devant lui \u00bb.<\/p>\n<p class=\"c6\">Il est \u00e0 rappeler que Ali Benflis, candidat aux \u00e9lections pr\u00e9sidentielles de 2004 et 2014, a, dans une r\u00e9cente d\u00e9claration, qualifi\u00e9 la candidature de Abdelmadjid Tebboune comme une \u00ab distorsion de l&rsquo;\u00e9lection pr\u00e9sidentielle \u00bb.<\/p>\n<p class=\"c6\">Le Pr\u00e9sident de Talaie El-Houriyet a par ailleurs promis de faire de son quinquennat \u00ab un mandat d\u2019urgence \u00bb, o\u00f9 il jum\u00e8lerait\u00a0 entre les pr\u00e9sidentielles\u00a0 et la constituante, tout en s\u2019engageant \u00e0 dissoudre le parlement actuel et organiser des \u00e9lections l\u00e9gislatives anticip\u00e9es. R\u00e9it\u00e9rant son soutien au soul\u00e8vement du 22 f\u00e9vrier, il a ajout\u00e9 : \u00ab je me retrouve dans chaque cris du hirak, comme j\u2019\u00e9tais et je suis toujours, sans me fatiguer ni perdre espoir de porter les m\u00eames revendications et aspirations \u00bb.<\/p>\n<p class=\"c7\"><strong>Im\u00e8ne AMOKRANE<\/strong><\/p>\n<\/div>\n<p>Auteur:<br \/>\n<a href=\"https:\/\/www.liberte-algerie.com\/actualite\/benflis-se-designe-candidat-du-hirak-327764\">Cliquez ici pour lire l&rsquo;article depuis sa source.<\/a><\/p>\n","protected":false},"excerpt":{"rendered":"<p>Le candidat Ali Benflis s\u2019est plac\u00e9 dans la position du candidat de la \u00ab r\u00e9volution populaire \u00bb contre celui qu\u2019il a qualifi\u00e9, sans le nommer, le \u00ab candidat du cinqui\u00e8me mandat \u00bb. \u00ab Si cette r\u00e9volution craint le clonage du r\u00e9gime existant, je crains que ce syst\u00e8me fasse des pr\u00e9sidentielles\u00a0 un cinqui\u00e8me mandat r\u00e9p\u00e9t\u00e9 \u00bb, [&hellip;]<\/p>\n","protected":false},"author":1742,"featured_media":0,"comment_status":"closed","ping_status":"closed","sticky":false,"template":"","format":"standard","meta":{"fifu_image_url":"","fifu_image_alt":"","footnotes":""},"categories":[73,53],"tags":[],"class_list":["post-67035","post","type-post","status-publish","format-standard","hentry","category-actualite","category-algerie"],"_links":{"self":[{"href":"https:\/\/linitiative.ca\/International\/wp-json\/wp\/v2\/posts\/67035","targetHints":{"allow":["GET"]}}],"collection":[{"href":"https:\/\/linitiative.ca\/International\/wp-json\/wp\/v2\/posts"}],"about":[{"href":"https:\/\/linitiative.ca\/International\/wp-json\/wp\/v2\/types\/post"}],"author":[{"embeddable":true,"href":"https:\/\/linitiative.ca\/International\/wp-json\/wp\/v2\/users\/1742"}],"replies":[{"embeddable":true,"href":"https:\/\/linitiative.ca\/International\/wp-json\/wp\/v2\/comments?post=67035"}],"version-history":[{"count":0,"href":"https:\/\/linitiative.ca\/International\/wp-json\/wp\/v2\/posts\/67035\/revisions"}],"wp:attachment":[{"href":"https:\/\/linitiative.ca\/International\/wp-json\/wp\/v2\/media?parent=67035"}],"wp:term":[{"taxonomy":"category","embeddable":true,"href":"https:\/\/linitiative.ca\/International\/wp-json\/wp\/v2\/categories?post=67035"},{"taxonomy":"post_tag","embeddable":true,"href":"https:\/\/linitiative.ca\/International\/wp-json\/wp\/v2\/tags?post=67035"}],"curies":[{"name":"wp","href":"https:\/\/api.w.org\/{rel}","templated":true}]}}