{"id":67037,"date":"2019-11-09T14:58:26","date_gmt":"2019-11-09T19:58:26","guid":{"rendered":"https:\/\/linitiative.ca\/International\/journee-sur-la-rehabilitation-de-lancienne-medina\/"},"modified":"2019-11-09T14:58:26","modified_gmt":"2019-11-09T19:58:26","slug":"journee-sur-la-rehabilitation-de-lancienne-medina","status":"publish","type":"post","link":"https:\/\/linitiative.ca\/International\/journee-sur-la-rehabilitation-de-lancienne-medina\/","title":{"rendered":"Journ\u00e9e sur la r\u00e9habilitation de l\u2019ancienne M\u00e9dina"},"content":{"rendered":"<div readability=\"36\">\n<p>Essaouira \u2013 Une journ\u00e9e de communication autour du programme compl\u00e9mentaire de r\u00e9habilitation et de mise en valeur de l\u2019ancienne M\u00e9dina d\u2019Essaouira (2019-2023) a \u00e9t\u00e9 organis\u00e9e, samedi, dans la cit\u00e9 des Aliz\u00e9s.<\/p>\n<\/div>\n<div readability=\"122\">\n<p>Initi\u00e9e par la province d\u2019Essaouira et le Groupe Al Omrane, cette journ\u00e9e a \u00e9t\u00e9 l\u2019occasion pour la population d\u2019Essaouira et les diff\u00e9rents acteurs de la soci\u00e9t\u00e9 civile de prendre connaissance de l\u2019\u00e9tat d\u2019avancement des projets et des \u00e9tudes y aff\u00e9rents et ce, en application des dispositions de la Convention-cadre sign\u00e9e devant SM le Roi Mohammed VI, le 22 octobre 2018 \u00e0 Marrakech.<\/p>\n<p>Cette journ\u00e9e, rehauss\u00e9e par la pr\u00e9sence notamment du gouverneur de la province, Adil El Maliki, des chefs des services ext\u00e9rieurs, des \u00e9lus locaux, des acteurs de la soci\u00e9t\u00e9 civile, et des repr\u00e9sentants des diff\u00e9rents d\u00e9partements intervenant dans la mise en oeuvre du programme compl\u00e9mentaire de r\u00e9habilitation de l\u2019ancienne m\u00e9dina d\u2019Essaouira, a offert aussi l\u2019opportunit\u00e9 de s\u2019informer des projets programm\u00e9s, de la situation actuelle ainsi que des propositions formul\u00e9es dans le cadre de l\u2019ex\u00e9cution de ce chantier Royal.<\/p>\n<p>Dans une allocution de circonstance, M. El Maliki a dit toute sa joie et sa fiert\u00e9 de l\u2019organisation de cette journ\u00e9e de communication qui rev\u00eat une importance cruciale pour la population et les acteurs de la soci\u00e9t\u00e9 civile, puisqu\u2019elle offre l\u2019occasion de s\u2019arr\u00eater sur l\u2019\u00e9tat d\u2019avancement de la mise en oeuvre des projets inscrits dans le cadre de ce programme.<\/p>\n<p>Et de poursuivre que plusieurs projets structurants au sein de l\u2019ancienne M\u00e9dina d\u2019Essaouira sont en cours d\u2019ex\u00e9cution, notant qu\u2019une plus grande partie des \u00e9tudes li\u00e9es \u00e0 ces projets a \u00e9t\u00e9 achev\u00e9e cette ann\u00e9e.<\/p>\n<p>M. El Maliki a tenu \u00e0 mettre en avant la Haute Sollicitude et l\u2019int\u00e9r\u00eat particulier qu\u2019accorde Sa Majest\u00e9 le Roi Mohammed VI \u00e0 la sauvegarde et \u00e0 la mise en valeur du patrimoine historique des anciennes m\u00e9dinas et \u00e0 la promotion du capital immat\u00e9riel et spirituel, relevant que ces projets, qui suscitent un int\u00e9r\u00eat particulier et une forte admiration de la population et des acteurs de la soci\u00e9t\u00e9 civile, visent \u00e0 revaloriser l\u2019ancienne m\u00e9dina d\u2019Essaouira, \u00e0 renforcer son rayonnement \u00e0 l\u2019international et \u00e0 promouvoir son attractivit\u00e9.<\/p>\n<p>Les anciennes m\u00e9dinas \u00e0 l\u2019\u00e9chelle nationale constituent un patrimoine ind\u00e9niable et un symbole de l\u2019identit\u00e9 marocaine, d\u2019o\u00f9 tout l\u2019int\u00e9r\u00eat dont elles b\u00e9n\u00e9ficient et l\u2019imp\u00e9ratif d\u2019oeuvrer pour leur sauvegarde et valorisation, a-t-il dit, pr\u00e9cisant que la finalit\u00e9 est de faire de l\u2019ancienne m\u00e9dina d\u2019Essaouira un espace vivant et viable \u00ab\u00a0en restituant \u00e0 la population sa M\u00e9dina et la M\u00e9dina \u00e0 ses habitants\u00a0\u00bb.<\/p>\n<p>Il a salu\u00e9 la conjugaison des efforts de tous les intervenants, le travail s\u00e9rieux qui se fait ainsi que les synergies positives cr\u00e9\u00e9es pour la mise en oeuvre de ce chantier Royal, passant en revue une s\u00e9rie de r\u00e9unions de travail tenues dans ce sens.<\/p>\n<p>Le gouverneur a insist\u00e9 \u00e9galement sur l\u2019imp\u00e9ratif d\u2019une implication collective en favorisant l\u2019\u00e9change et le partage dans le cadre d\u2019une approche pragmatique et de concertation, soulignant que l\u2019ensemble des intervenants concern\u00e9s par ce programme d\u2019envergure demeurent ouverts \u00e0 toutes les propositions pour une excellente ex\u00e9cution de ce chantier de grande envergure.<\/p>\n<p>Par la suite, l\u2019assistance a suivi un film-documentaire sur les diff\u00e9rents projets en cours de r\u00e9alisation ou d\u2019\u00e9tude, inscrits dans le cadre du Programme compl\u00e9mentaire de R\u00e9habilitation et de Mise en Valeur de la M\u00e9dina d\u2019Essaouira.<\/p>\n<p>De son c\u00f4t\u00e9, M. Mohamed Amine Akhana, Directeur de l\u2019Agence Al-Omrane Chichaoua-Essaouira, a donn\u00e9 un aper\u00e7u global sur le programme compl\u00e9mentaire de r\u00e9habilitation et de mise en valeur de l\u2019ancienne m\u00e9dina d\u2019Essaouira, indiquant que parmi ses objectifs figurent la pr\u00e9servation de la sp\u00e9cificit\u00e9 urbanistique de la ville, l\u2019am\u00e9lioration, la mise \u00e0 niveau et le renforcement des infrastructures, ainsi que l\u2019insertion de la m\u00e9dina dans un syst\u00e8me de d\u00e9veloppement visant la promotion de son patrimoine mat\u00e9riel et immat\u00e9riel, outre la consolidation de son attractivit\u00e9 comme destination touristique internationale.<\/p>\n<p>Dans la foul\u00e9e, M. Akhana a pass\u00e9 en revue les projets en cours d\u2019ex\u00e9cution et d\u2019\u00e9tude dans le cadre de ce programme.<\/p>\n<p>Par la m\u00eame occasion, il a \u00e9t\u00e9 proc\u00e9d\u00e9 \u00e0 l\u2019am\u00e9nagement de plusieurs stands destin\u00e9s \u00e0 permettre aux diff\u00e9rents intervenants concern\u00e9s par ce programme de fournir au public des informations \u00e9toff\u00e9es sur les diff\u00e9rents projets \u00e0 m\u00eame de consolider la position de la cit\u00e9 des Aliz\u00e9s, class\u00e9e patrimoine universel de l\u2019Humanit\u00e9 depuis 2001 par l\u2019UNESCO.<\/p>\n<\/div>\n<p>Auteur: Meriem IGASS<br \/>\n<a href=\"http:\/\/www.mapmarrakech.ma\/fr\/medina\/\">Cliquez ici pour lire l&rsquo;article depuis sa source.<\/a><\/p>\n","protected":false},"excerpt":{"rendered":"<p>Essaouira \u2013 Une journ\u00e9e de communication autour du programme compl\u00e9mentaire de r\u00e9habilitation et de mise en valeur de l\u2019ancienne M\u00e9dina d\u2019Essaouira (2019-2023) a \u00e9t\u00e9 organis\u00e9e, samedi, dans la cit\u00e9 des Aliz\u00e9s. Initi\u00e9e par la province d\u2019Essaouira et le Groupe Al Omrane, cette journ\u00e9e a \u00e9t\u00e9 l\u2019occasion pour la population d\u2019Essaouira et les diff\u00e9rents acteurs de [&hellip;]<\/p>\n","protected":false},"author":1788,"featured_media":0,"comment_status":"closed","ping_status":"closed","sticky":false,"template":"","format":"standard","meta":{"fifu_image_url":"","fifu_image_alt":"","footnotes":""},"categories":[54,76],"tags":[],"class_list":["post-67037","post","type-post","status-publish","format-standard","hentry","category-maroc","category-regions"],"_links":{"self":[{"href":"https:\/\/linitiative.ca\/International\/wp-json\/wp\/v2\/posts\/67037","targetHints":{"allow":["GET"]}}],"collection":[{"href":"https:\/\/linitiative.ca\/International\/wp-json\/wp\/v2\/posts"}],"about":[{"href":"https:\/\/linitiative.ca\/International\/wp-json\/wp\/v2\/types\/post"}],"author":[{"embeddable":true,"href":"https:\/\/linitiative.ca\/International\/wp-json\/wp\/v2\/users\/1788"}],"replies":[{"embeddable":true,"href":"https:\/\/linitiative.ca\/International\/wp-json\/wp\/v2\/comments?post=67037"}],"version-history":[{"count":0,"href":"https:\/\/linitiative.ca\/International\/wp-json\/wp\/v2\/posts\/67037\/revisions"}],"wp:attachment":[{"href":"https:\/\/linitiative.ca\/International\/wp-json\/wp\/v2\/media?parent=67037"}],"wp:term":[{"taxonomy":"category","embeddable":true,"href":"https:\/\/linitiative.ca\/International\/wp-json\/wp\/v2\/categories?post=67037"},{"taxonomy":"post_tag","embeddable":true,"href":"https:\/\/linitiative.ca\/International\/wp-json\/wp\/v2\/tags?post=67037"}],"curies":[{"name":"wp","href":"https:\/\/api.w.org\/{rel}","templated":true}]}}