{"id":67038,"date":"2019-11-09T15:16:48","date_gmt":"2019-11-09T20:16:48","guid":{"rendered":"https:\/\/linitiative.ca\/International\/sm-le-roi-amir-al-mouminine-preside-a-marrakech-une-veillee-religieuse-en-commemoration-de-laid-al-mawlid-annabaoui-acharif\/"},"modified":"2019-11-09T15:16:48","modified_gmt":"2019-11-09T20:16:48","slug":"sm-le-roi-amir-al-mouminine-preside-a-marrakech-une-veillee-religieuse-en-commemoration-de-laid-al-mawlid-annabaoui-acharif","status":"publish","type":"post","link":"https:\/\/linitiative.ca\/International\/sm-le-roi-amir-al-mouminine-preside-a-marrakech-une-veillee-religieuse-en-commemoration-de-laid-al-mawlid-annabaoui-acharif\/","title":{"rendered":"SM le Roi, Amir Al-Mouminine, pr\u00e9side \u00e0 Marrakech une veill\u00e9e religieuse en comm\u00e9moration de l\u2019A\u00efd Al-Mawlid Annabaoui Acharif"},"content":{"rendered":"<div readability=\"42\">\n<p>Marrakech \u2013 Sa Majest\u00e9 le Roi Mohammed VI, Amir Al Mouminine, que Dieu L\u2019assiste, accompagn\u00e9 de SAR le Prince H\u00e9ritier Moulay El Hassan, de SAR le Prince Moulay Rachid et de SA le Prince Moulay Ismail, a pr\u00e9sid\u00e9, samedi au Palais Royal de Marrakech, une veill\u00e9e religieuse en comm\u00e9moration de l\u2019A\u00efd Al-Mawlid Al-Nabawi Acharif.<\/p>\n<\/div>\n<div readability=\"146\">\n<p>Cette veill\u00e9e religieuse a \u00e9t\u00e9 marqu\u00e9e par la d\u00e9clamation de versets du Saint Coran et de pan\u00e9gyriques du Proph\u00e8te Sidna Mohammed, pri\u00e8re et b\u00e9n\u00e9diction sur Lui.<\/p>\n<p>A cette occasion, le ministre des Habous et des Affaires islamiques, M. Ahmed Toufiq, a prononc\u00e9, devant SM le Roi, une allocution dans laquelle il a pr\u00e9sent\u00e9 le bilan des activit\u00e9s des Conseils des oul\u00e9mas et les actions entreprises en mati\u00e8re de promotion de la chose religieuse, avant de remettre au Souverain le rapport relatif \u00e0 ces activit\u00e9s.<\/p>\n<p>Dans son allocution, le ministre a soulign\u00e9 les r\u00e9alisations accomplies, au cours de l\u2019ann\u00e9e qui s\u2019ach\u00e8ve, en faveur de la diffusion du Saint Coran et de la sauvegarde de la tradition du Proph\u00e8te Sidna Mohammed, pri\u00e8re et b\u00e9n\u00e9diction sur Lui, ainsi que les actions du Conseil des Oul\u00e9mas et la haute sollicitude dont ne cessent de b\u00e9n\u00e9ficier les pr\u00e9pos\u00e9s religieux, les mosqu\u00e9es et l\u2019enseignement originel.<\/p>\n<p>Par la suite, SM le Roi, Amir Al-Mouminine, a remis le Prix Mohammed VI de la pens\u00e9e et des \u00e9tudes islamiques (Prix de m\u00e9rite et d\u2019hommage), ex-\u00e6quo, \u00e0 MM. Mustapha El Bahyaoui de la ville de Tanger et Hamid Ben El Haj Essalami de la ville de F\u00e8s.<\/p>\n<p>Ce Prix est d\u00e9cern\u00e9 annuellement afin de r\u00e9compenser des personnalit\u00e9s scientifiques \u00e9minentes, nationales et internationales, et de les inciter \u00e0 r\u00e9aliser des travaux de recherche de haute qualit\u00e9 dans le domaine des \u00e9tudes islamiques, conform\u00e9ment aux enseignements de la noble Charia qui pr\u00f4ne la recherche du savoir et exhorte \u00e0 en faire bon usage.<\/p>\n<p>Le Souverain a ensuite \u00e9t\u00e9 salu\u00e9 par M. Hatim Ben Abdullah Ben Sa\u00e2d Ben Raizah du Royaume d\u2019Arabie Saoudite, qui a re\u00e7u des mains du Souverain le Prix international Mohammed VI de m\u00e9morisation, de d\u00e9clamation et d\u2019ex\u00e9g\u00e8se du Saint Coran.<\/p>\n<p>SM le Roi a \u00e9galement \u00e9t\u00e9 salu\u00e9 par M. Muhammad Miftah Farid de la R\u00e9publique d\u2019Indon\u00e9sie, \u00e0 qui le Souverain a remis le Prix international Mohammed VI de psalmodie du Saint Coran avec m\u00e9morisation de cinq Hizbs.<\/p>\n<p>SM le Roi, Amir Al-Mouminine, a \u00e9galement remis le Prix Mohammed VI en art calligraphique marocain (Prix Honorifique) \u00e0 M. Larbi Tourak de la ville de Mekn\u00e8s, et le Prix Mohammed VI en art calligraphique marocain (Prix de l\u2019excellence) \u00e0 M. Youssef Sossi Alaoui, de la ville de Casablanca.<\/p>\n<p>Le Souverain a, par la suite, remis le Prix Mohammed VI de l\u2019art d\u00e9coratif marocain sur papier (Prix honorifique) \u00e0 M. Othmane Fassi Fihri de la ville de F\u00e8s, et le Prix Mohammed VI de l\u2019art d\u00e9coratif marocain sur papier (Prix de l\u2019excellence) \u00e0 M. Zakaria Meslak de la m\u00eame ville.<\/p>\n<p>SM le Roi a aussi remis le Prix Mohammed VI de graphisme arabe (Prix honorifique) \u00e0 Moulay El Hassan Haidara de la ville de Marrakech, et le Prix Mohammed VI de graphisme arabe (Prix de l\u2019excellence) \u00e0 M. Abdelfattah Hraoui de la ville de Benguerir.<\/p>\n<p>SM le Roi a, par la m\u00eame occasion, \u00e9t\u00e9 salu\u00e9 par les membres du jury du Prix Mohammed VI de la pens\u00e9e et des \u00e9tudes islamiques, les professeurs Mohamed Kettani, Mohamed Yssef, Mustapha Benhamza, Idriss Khalifa, Ahmed Chaouki Binbine, Ahmed Chahlane, Abdelhamid El Alami et Ahmed Kostass (rapporteur du jury).<\/p>\n<p>Cette veill\u00e9e religieuse s\u2019est d\u00e9roul\u00e9e en pr\u00e9sence du Chef du gouvernement, des pr\u00e9sidents des deux Chambres du Parlement, de Conseillers de Sa Majest\u00e9 le Roi, de membres du gouvernement, des pr\u00e9sidents des Instances Constitutionnelles, des officiers sup\u00e9rieurs des Forces Arm\u00e9es Royales, des membres du corps diplomatique islamique accr\u00e9dit\u00e9 \u00e0 Rabat, ainsi que de plusieurs oul\u00e9mas et autres personnalit\u00e9s civiles et militaires.<\/p>\n<p>La c\u00e9l\u00e9bration de cette veill\u00e9e religieuse par SM le Roi Mohammed VI, Amir Al-Mouminine, s\u2019inscrit dans la tradition observ\u00e9e par Ses illustres Anc\u00eatres qui ont constamment veill\u00e9 \u00e0 comm\u00e9morer l\u2019anniversaire de la venue au monde du Messager de la Mis\u00e9ricorde, Leur Anc\u00eatre le Proph\u00e8te Sidna Mohammed, que la pri\u00e8re et la paix soient sur Lui.<\/p>\n<p>Un anniversaire qui marque l\u2019\u00e9closion des lumi\u00e8res de la guidance pour l\u2019Humanit\u00e9, gr\u00e2ce au message port\u00e9 par le Sceau des Proph\u00e8tes, pour r\u00e9pandre les hautes vertus et les valeurs de justice et recommander les bonnes actions pour que l\u2019ensemble des humains vivent dans la paix et l\u2019entente.<\/p>\n<\/div>\n<p>Auteur: Meriem IGASS<br \/>\n<a href=\"http:\/\/www.mapmarrakech.ma\/fr\/sm-le-roi\/\">Cliquez ici pour lire l&rsquo;article depuis sa source.<\/a><\/p>\n","protected":false},"excerpt":{"rendered":"<p>Marrakech \u2013 Sa Majest\u00e9 le Roi Mohammed VI, Amir Al Mouminine, que Dieu L\u2019assiste, accompagn\u00e9 de SAR le Prince H\u00e9ritier Moulay El Hassan, de SAR le Prince Moulay Rachid et de SA le Prince Moulay Ismail, a pr\u00e9sid\u00e9, samedi au Palais Royal de Marrakech, une veill\u00e9e religieuse en comm\u00e9moration de l\u2019A\u00efd Al-Mawlid Al-Nabawi Acharif. Cette [&hellip;]<\/p>\n","protected":false},"author":1788,"featured_media":0,"comment_status":"closed","ping_status":"closed","sticky":false,"template":"","format":"standard","meta":{"fifu_image_url":"","fifu_image_alt":"","footnotes":""},"categories":[54,76],"tags":[],"class_list":["post-67038","post","type-post","status-publish","format-standard","hentry","category-maroc","category-regions"],"_links":{"self":[{"href":"https:\/\/linitiative.ca\/International\/wp-json\/wp\/v2\/posts\/67038","targetHints":{"allow":["GET"]}}],"collection":[{"href":"https:\/\/linitiative.ca\/International\/wp-json\/wp\/v2\/posts"}],"about":[{"href":"https:\/\/linitiative.ca\/International\/wp-json\/wp\/v2\/types\/post"}],"author":[{"embeddable":true,"href":"https:\/\/linitiative.ca\/International\/wp-json\/wp\/v2\/users\/1788"}],"replies":[{"embeddable":true,"href":"https:\/\/linitiative.ca\/International\/wp-json\/wp\/v2\/comments?post=67038"}],"version-history":[{"count":0,"href":"https:\/\/linitiative.ca\/International\/wp-json\/wp\/v2\/posts\/67038\/revisions"}],"wp:attachment":[{"href":"https:\/\/linitiative.ca\/International\/wp-json\/wp\/v2\/media?parent=67038"}],"wp:term":[{"taxonomy":"category","embeddable":true,"href":"https:\/\/linitiative.ca\/International\/wp-json\/wp\/v2\/categories?post=67038"},{"taxonomy":"post_tag","embeddable":true,"href":"https:\/\/linitiative.ca\/International\/wp-json\/wp\/v2\/tags?post=67038"}],"curies":[{"name":"wp","href":"https:\/\/api.w.org\/{rel}","templated":true}]}}