{"id":67044,"date":"2019-11-10T13:20:38","date_gmt":"2019-11-10T18:20:38","guid":{"rendered":"https:\/\/linitiative.ca\/International\/pose-de-la-1e-pierre-pour-la-realisation-du-gazoduc-tizi-ouzou-bejaia\/"},"modified":"2019-11-10T13:20:38","modified_gmt":"2019-11-10T18:20:38","slug":"pose-de-la-1e-pierre-pour-la-realisation-du-gazoduc-tizi-ouzou-bejaia","status":"publish","type":"post","link":"https:\/\/linitiative.ca\/International\/pose-de-la-1e-pierre-pour-la-realisation-du-gazoduc-tizi-ouzou-bejaia\/","title":{"rendered":"Pose de la 1e pierre pour la r\u00e9alisation du gazoduc Tizi-Ouzou\/B\u00e9ja\u00efa"},"content":{"rendered":"<div readability=\"37\">\n<p><strong>TIZI-OUZOU &#8211; Le ministre de l\u2019Energie Mohamed Arkab et la ministre de l&rsquo;Industrie et des Mines Tamazirt Djamila, ont proc\u00e9d\u00e9 dimanche \u00e0 Fr\u00e9ha \u00e0 une trentaine de kilom\u00e8tres \u00e0 l\u2019Est de Tizi-Ouzou, \u00e0 la pose de la premi\u00e8re pierre du projet de r\u00e9alisation d\u2019un gazoduc de diam\u00e8tre 16 pouces qui va relier la wilaya de Tizi-Ouzou \u00e0 celle de B\u00e9ja\u00efa.<\/strong><\/p>\n<\/div>\n<div readability=\"70\">\n<p>Ce projet permettra de transporter le gaz naturel vers les trois communes restantes de la wilaya de Tizi-Ouzou \u00e0 savoir Zekri, Akerrou et Ait Chafa\u00e2. Ces derni\u00e8res ne sont pas encore raccord\u00e9es au r\u00e9seau de gaz naturel malgr\u00e9 la rudesse de l&rsquo;hiver dans cette r\u00e9gion montagneuse.<\/p>\n<p>Le projet de ce gazoduc qualifi\u00e9 de \u00ab\u00a0strat\u00e9gique\u00a0\u00bb par le ministre de l\u2019Energie et qui va \u00ab\u00a0am\u00e9liorer\u00a0\u00bb le cadre de vie de populations concern\u00e9es, assurera l\u2019alimentation en gaz naturel de 8 communes relevant des wilayas de B\u00e9ja\u00efa et Tizi-Ouzou gr\u00e2ce \u00e0 la r\u00e9alisation d\u2019un r\u00e9seau de transport d\u2019une longueur de 52 km, dont 36,5 km sur le territoire de Tizi-Ouzou et 15,5 km sur celui de Beja\u00efa.<\/p>\n<p>Dans la wilaya de Tizi Ouzou ce gazoduc acheminera le gaz vers les communes de Zekri, Akerrou et Ait Chafa\u00e2 pour un total de 7.080 foyers. A B\u00e9ja\u00efa les communes concern\u00e9es sont Ait Mendil, B\u00e9ni Ksila, Adekar, Taourirt Ighil et Tifra, pour plus de 4.000 foyers, a-t-on expliqu\u00e9 sur place.<\/p>\n<p>Cette op\u00e9ration inscrite au plan quinquennal 2010\/2014 et qui \u00e9tait touch\u00e9e par le g\u00e8le, a \u00e9t\u00e9 relanc\u00e9e. Elle \u00e9tait dot\u00e9e initialement d\u2019une enveloppe financi\u00e8re de pr\u00e8s de 2,572 milliards DA qui a \u00e9t\u00e9 r\u00e9\u00e9valu\u00e9e pour atteindre le montant de plus de 4,698 milliards de DA, selon la fiche technique pr\u00e9sent\u00e9e aux deux ministres.<\/p>\n<p>S\u2019agissant du taux actuel de raccordement de la wilaya de Tizi-Ouzou au gaz naturel il est de 86,4% repr\u00e9sentant 304.649 foyers raccord\u00e9s. A l\u2019ach\u00e8vement de ce projet et du programme en cours de r\u00e9alisation, les 67 communes de la wilaya seront raccord\u00e9es au r\u00e9seau de gaz naturel et le taux de p\u00e9n\u00e9tration sera de plus de 96%.<\/p>\n<\/div>\n<p>Auteur:<br \/>\n<a href=\"http:\/\/www.aps.dz\/regions\/97254-pose-de-la-1e-pierre-pour-la-realisation-du-gazoduc-tizi-ouzou-bejaia\">Cliquez ici pour lire l&rsquo;article depuis sa source.<\/a><\/p>\n","protected":false},"excerpt":{"rendered":"<p>TIZI-OUZOU &#8211; Le ministre de l\u2019Energie Mohamed Arkab et la ministre de l&rsquo;Industrie et des Mines Tamazirt Djamila, ont proc\u00e9d\u00e9 dimanche \u00e0 Fr\u00e9ha \u00e0 une trentaine de kilom\u00e8tres \u00e0 l\u2019Est de Tizi-Ouzou, \u00e0 la pose de la premi\u00e8re pierre du projet de r\u00e9alisation d\u2019un gazoduc de diam\u00e8tre 16 pouces qui va relier la wilaya de [&hellip;]<\/p>\n","protected":false},"author":1790,"featured_media":0,"comment_status":"closed","ping_status":"closed","sticky":false,"template":"","format":"standard","meta":{"fifu_image_url":"","fifu_image_alt":"","footnotes":""},"categories":[53,76],"tags":[],"class_list":["post-67044","post","type-post","status-publish","format-standard","hentry","category-algerie","category-regions"],"_links":{"self":[{"href":"https:\/\/linitiative.ca\/International\/wp-json\/wp\/v2\/posts\/67044","targetHints":{"allow":["GET"]}}],"collection":[{"href":"https:\/\/linitiative.ca\/International\/wp-json\/wp\/v2\/posts"}],"about":[{"href":"https:\/\/linitiative.ca\/International\/wp-json\/wp\/v2\/types\/post"}],"author":[{"embeddable":true,"href":"https:\/\/linitiative.ca\/International\/wp-json\/wp\/v2\/users\/1790"}],"replies":[{"embeddable":true,"href":"https:\/\/linitiative.ca\/International\/wp-json\/wp\/v2\/comments?post=67044"}],"version-history":[{"count":0,"href":"https:\/\/linitiative.ca\/International\/wp-json\/wp\/v2\/posts\/67044\/revisions"}],"wp:attachment":[{"href":"https:\/\/linitiative.ca\/International\/wp-json\/wp\/v2\/media?parent=67044"}],"wp:term":[{"taxonomy":"category","embeddable":true,"href":"https:\/\/linitiative.ca\/International\/wp-json\/wp\/v2\/categories?post=67044"},{"taxonomy":"post_tag","embeddable":true,"href":"https:\/\/linitiative.ca\/International\/wp-json\/wp\/v2\/tags?post=67044"}],"curies":[{"name":"wp","href":"https:\/\/api.w.org\/{rel}","templated":true}]}}