{"id":67046,"date":"2019-11-10T13:49:06","date_gmt":"2019-11-10T18:49:06","guid":{"rendered":"https:\/\/linitiative.ca\/International\/lagriculture-dans-la-wilaya-de-tiaret-contribue-a-3-a-leconomie-nationale\/"},"modified":"2019-11-10T13:49:06","modified_gmt":"2019-11-10T18:49:06","slug":"lagriculture-dans-la-wilaya-de-tiaret-contribue-a-3-a-leconomie-nationale","status":"publish","type":"post","link":"https:\/\/linitiative.ca\/International\/lagriculture-dans-la-wilaya-de-tiaret-contribue-a-3-a-leconomie-nationale\/","title":{"rendered":"L&rsquo;agriculture dans la wilaya de Tiaret contribue \u00e0 3% \u00e0 l&rsquo;\u00e9conomie nationale"},"content":{"rendered":"<div readability=\"37\">\n<p><strong>TIARET &#8211; L&rsquo;agriculture dans la wilaya de Tiaret contribue au d\u00e9veloppement \u00e9conomique national \u00e0 hauteur de 3% et au d\u00e9veloppement de l&rsquo;\u00e9conomie locale \u00e0 24%, soit 10 milliards DA, a indiqu\u00e9 dimanche le wali de Tiaret, Abdeslam Bentouati.<\/strong><\/p>\n<\/div>\n<div readability=\"106\">\n<p>L&rsquo;agriculture dans la wilaya de Tiaret contribue \u00e0 hauteur de 3% \u00e0 l&rsquo;\u00e9conomie nationale, occupant la 12e place au niveau national, et de 24% \u00e0 l&rsquo;\u00e9conomie locale, a d\u00e9clar\u00e9 le wali, invit\u00e9 de l&rsquo;\u00e9mission \u00ab\u00a0Sabah El Kheir Ya Djazair\u00a0\u00bb dans le cadre de la journ\u00e9e ouverte sur la presse de proximit\u00e9 pour relancer le d\u00e9veloppement agricole (Tiaret comme mod\u00e8le), anim\u00e9e par la radio de Tiaret en collaboration avec la cha\u00eene une de l&rsquo;ENRS.<\/p>\n<p>La wilaya de Tiaret occupe la 1ere place au niveau national dans la production c\u00e9r\u00e9ali\u00e8re, qui a atteint la saison \u00e9coul\u00e9e plus de 3,7 millions de quintaux, ainsi que la premi\u00e8re place en production d&rsquo;oignons, a rappel\u00e9 le responsable, notant qu&rsquo;une op\u00e9ration d&rsquo;exportation de ce produit (ognon) a \u00e9t\u00e9 lanc\u00e9e vers la Mauritanie.<\/p>\n<p>La wilaya envisage un plan pour \u00e9largir le champ d&rsquo;exportation \u00e0 la pomme de terre et \u0153uvre \u00e9galement \u00e0 am\u00e9liorer son classement en accentuant sa production de viandes rouges pour se propulser \u00e0 la 3e place, ainsi que la production des l\u00e9gumes secs, des viandes blanches, des \u0153ufs, des olives, des fruits et l\u00e9gumes, a-t-il ajout\u00e9.<\/p>\n<p>Le chef de l&rsquo;ex\u00e9cutif de la wilaya a d\u00e9clar\u00e9 que les efforts sont orient\u00e9s vers l&rsquo;extension des terres agricoles utiles, soit une surface de plus de 700.000 hectares sur un total de 1,6 million ha, l&rsquo;doption de projets d&rsquo;investissement dans des abattoirs, des chambres de froid, 20 projets sur un total de 40 sont en cours de r\u00e9alisation en vue d&rsquo;augmenter les capacit\u00e9s de stockage et encourager les projets d&rsquo;investissement en agriculture.<\/p>\n<p>La wilaya s&rsquo;att\u00e8le \u00e0 soutenir l&rsquo;agriculture moderne productive \u00e0 travers la distribution de 12.000 ha de terres destin\u00e9es \u00e0 l&rsquo;investissement sur un total de 170.000 ha ayant fait l&rsquo;objet d&rsquo;\u00e9tudes par le Bureau national des \u00e9tudes et d\u00e9veloppement rural des terres. Elles seront accord\u00e9es \u00e0 des investisseurs ayant des capacit\u00e9s pour accro\u00eetre la production et r\u00e9ussir des projets pour soutenir l&rsquo;\u00e9conomie nationale, a-t-il soulign\u00e9.<\/p>\n<p>Des permis de fon\u00e7age de puits suivant les normes en vigueur dans le but d&rsquo;\u00e9largir les terres irrigu\u00e9es sont \u00e9galement envisageables, de m\u00eame que des acc\u00e8s \u00e0 l&rsquo;autoroute et \u00e0 l&rsquo;a\u00e9rodrome international \u00ab\u00a0Abdelhafidh Boussouf\u00a0\u00bb pour le transport et l&rsquo;exportation des produits agricoles, a assur\u00e9 le wali, soulignant que la wilaya d\u00e9veloppe les fili\u00e8res lait, viandes et c\u00e9r\u00e9ales en application des directives du Gouvernement.<\/p>\n<p>A noter que cette \u00e9mission ouverte de 6 heures du matin jusqu&rsquo;\u00e0 minuit porte sur des programmes abordant la r\u00e9alit\u00e9 de l&rsquo;agriculture dans la wilaya de Tiaret, le r\u00f4le de la recherche scientifique \u00e0 d\u00e9velopper le secteur, l&rsquo;agriculture et les jeunes, l&rsquo;investissement dans le secteur agricole et la contribution de la femme rurale. Le programme sera cl\u00f4tur\u00e9 par une soir\u00e9e de chant b\u00e9douin li\u00e9 au patrimoine de Tiaret.<\/p>\n<p>La journ\u00e9e a \u00e9t\u00e9 organis\u00e9e avec la contribution de la direction des Services agricoles, les dispositifs de soutien \u00e0 l&#8217;emploi, la chambre d&rsquo;agriculture, les instituts sp\u00e9cialis\u00e9s, l&rsquo;universit\u00e9 \u00ab\u00a0Ibn Khaldoun\u00a0\u00bb, les conseils interprofessionnels, des investisseurs, des agriculteurs ainsi que des institutions bancaires et d&rsquo;assurances.<\/p>\n<\/div>\n<p>Auteur:<br \/>\n<a href=\"http:\/\/www.aps.dz\/regions\/97261-l-agriculture-dans-la-wilaya-de-tiaret-contribue-a-3-a-l-economie-nationale\">Cliquez ici pour lire l&rsquo;article depuis sa source.<\/a><\/p>\n","protected":false},"excerpt":{"rendered":"<p>TIARET &#8211; L&rsquo;agriculture dans la wilaya de Tiaret contribue au d\u00e9veloppement \u00e9conomique national \u00e0 hauteur de 3% et au d\u00e9veloppement de l&rsquo;\u00e9conomie locale \u00e0 24%, soit 10 milliards DA, a indiqu\u00e9 dimanche le wali de Tiaret, Abdeslam Bentouati. L&rsquo;agriculture dans la wilaya de Tiaret contribue \u00e0 hauteur de 3% \u00e0 l&rsquo;\u00e9conomie nationale, occupant la 12e [&hellip;]<\/p>\n","protected":false},"author":1790,"featured_media":0,"comment_status":"closed","ping_status":"closed","sticky":false,"template":"","format":"standard","meta":{"fifu_image_url":"","fifu_image_alt":"","footnotes":""},"categories":[53,76],"tags":[],"class_list":["post-67046","post","type-post","status-publish","format-standard","hentry","category-algerie","category-regions"],"_links":{"self":[{"href":"https:\/\/linitiative.ca\/International\/wp-json\/wp\/v2\/posts\/67046","targetHints":{"allow":["GET"]}}],"collection":[{"href":"https:\/\/linitiative.ca\/International\/wp-json\/wp\/v2\/posts"}],"about":[{"href":"https:\/\/linitiative.ca\/International\/wp-json\/wp\/v2\/types\/post"}],"author":[{"embeddable":true,"href":"https:\/\/linitiative.ca\/International\/wp-json\/wp\/v2\/users\/1790"}],"replies":[{"embeddable":true,"href":"https:\/\/linitiative.ca\/International\/wp-json\/wp\/v2\/comments?post=67046"}],"version-history":[{"count":0,"href":"https:\/\/linitiative.ca\/International\/wp-json\/wp\/v2\/posts\/67046\/revisions"}],"wp:attachment":[{"href":"https:\/\/linitiative.ca\/International\/wp-json\/wp\/v2\/media?parent=67046"}],"wp:term":[{"taxonomy":"category","embeddable":true,"href":"https:\/\/linitiative.ca\/International\/wp-json\/wp\/v2\/categories?post=67046"},{"taxonomy":"post_tag","embeddable":true,"href":"https:\/\/linitiative.ca\/International\/wp-json\/wp\/v2\/tags?post=67046"}],"curies":[{"name":"wp","href":"https:\/\/api.w.org\/{rel}","templated":true}]}}