{"id":67047,"date":"2019-11-09T14:41:44","date_gmt":"2019-11-09T19:41:44","guid":{"rendered":"https:\/\/linitiative.ca\/International\/lenvironnement-et-la-techno-ethique-au-centre-des-rms\/"},"modified":"2019-11-09T14:41:44","modified_gmt":"2019-11-09T19:41:44","slug":"lenvironnement-et-la-techno-ethique-au-centre-des-rms","status":"publish","type":"post","link":"https:\/\/linitiative.ca\/International\/lenvironnement-et-la-techno-ethique-au-centre-des-rms\/","title":{"rendered":"L\u2019environnement et la techno-\u00e9thique au centre des RMS"},"content":{"rendered":"<p class=\"c1\">\u2018\u2019Les Assises musulmanes de l\u2019\u00e9cologie\u2019\u2019 et \u2018\u2019Le Forum de la techno-\u00e9thique\u2019\u2019 sont deux \u00e9v\u00e9nements qui ponctuent, cette ann\u00e9e encore, la 14\u00e8me Rencontre mondiale du soufisme (RMS) qui se tient du 6 au 10 novembre \u00e0 Madagh (province de Berkane) sous le Haut patronage de SM le Roi Mohammed VI.<\/p>\n<p class=\"c1\">Organis\u00e9es depuis 2015 \u00e0 Madagh, les Assises musulmanes de l\u2019\u00e9cologie (AME) m\u00e8nent chaque ann\u00e9e des campagnes de sensibilisation \u00e0 destination des visiteurs de la Rencontre mondiale du soufisme. Elles se fixent pour objectifs de f\u00e9d\u00e9rer les efforts pour la pr\u00e9servation de l\u2019environnement et de r\u00e9unir les uns et les autres autour de valeurs communes et d\u2019\u00e9veiller les consciences.<\/p>\n<p class=\"c1\">Ces assises constituent \u00e9galement une plateforme de formation, de conseil et d\u2019accompagnement pour tous ceux qui choisissent de faire de la question environnementale une pr\u00e9occupation quotidienne.<\/p>\n<p class=\"c1\">L\u2019\u00e9dition 2019 de cet \u00e9v\u00e9nement, organis\u00e9e par la Fondation Al Moultaqa, r\u00e9unit du 7 au 9 novembre courant enseignants, chercheurs, scientifiques et activistes autour d\u2019une question commune, celle de la spiritualit\u00e9 comme r\u00e9ponse \u00e0 la crise climatique actuelle.<\/p>\n<p class=\"c1\">Cette 5\u00e8me \u00e9dition se concentre sur le th\u00e8me \u2019\u2019Sant\u00e9 et \u00e9cologie : l\u2019impact du changement climatique sur la sant\u00e9\u2019\u2019. En effet, les organisateurs avancent que les modifications environnementales ont des cons\u00e9quences de plus en plus nettes sur la sant\u00e9 humaine et se traduisent par le d\u00e9veloppement accru de troubles parfois majeurs.<\/p>\n<p><img class=\"wp-image-15685 aligncenter\" data-src=\"http:\/\/www.mapoujda.ma\/map\/uploads\/2019\/11\/Les-Assises-musulmanes-de-l\u2019\u00e9cologie-M750\u00d7430-MAP.jpg\" alt=\"\" width=\"576\" height=\"330\" srcset=\"http:\/\/www.mapoujda.ma\/map\/uploads\/2019\/11\/Les-Assises-musulmanes-de-l\u2019\u00e9cologie-M750\u00d7430-MAP.jpg 750w, http:\/\/www.mapoujda.ma\/map\/uploads\/2019\/11\/Les-Assises-musulmanes-de-l\u2019\u00e9cologie-M750\u00d7430-MAP-300x172.jpg 300w\" sizes=\"(max-width: 576px) 100vw, 576px\"\/><\/p>\n<p class=\"c1\">C\u2019est pourquoi l\u2019\u00e9v\u00e9nement se propose de sensibiliser les visiteurs sur l\u2019impact de la crise environnementale sur leur sant\u00e9 et leur quotidien, et ce autour de trois volets. Il s\u2019agit de la crise environnementale et la compr\u00e9hension de ses enjeux, les impacts imm\u00e9diats de cette crise sur la sant\u00e9, et les solutions, alternatives et points de vigilance (m\u00e9decines naturelles, d\u00e9croissance, pr\u00e9vention des risques li\u00e9s aux facteurs environnementaux et r\u00e9forme du mode de vie, de consommation).<\/p>\n<p class=\"c1\">Notant qu\u2019aujourd\u2019hui, selon des estimations reprises par l\u2019OMS, 25 \u00e0 30 % des maladies dans le monde seraient dues \u00e0 des facteurs environnementaux, les promoteurs de ces assises affirment que le travail de cette \u00e9dition s\u2019organise autour de la prise de conscience de la n\u00e9cessit\u00e9, pour un bien-\u00eatre physique, moral et spirituel, d\u2019un retour au naturel dans toutes les sph\u00e8res (alimentation, soins, eau, air, \u2026).<\/p>\n<p class=\"c1\">Le programme de la 5\u00e8 \u00e9dition propose des ateliers portant sur \u2018\u2019les perturbations et leurs impacts sur la sant\u00e9\u2019\u2019, \u2018\u2019quelle responsabilit\u00e9 de chacun dans le milieu o\u00f9 il se trouve\u2019\u2019, \u2018\u2019quelle hygi\u00e8ne de vie pour vivre en pleine sant\u00e9\u2019\u2019 et \u2018\u2019la sant\u00e9 par les plantes, une alternative naturelle\u2019\u2019.<\/p>\n<p class=\"c1\">Des ateliers sont \u00e9galement au menu pour jeter la lumi\u00e8re sur divers sujets, tels que les cosm\u00e9tiques et les produits m\u00e9nagers naturels, les bienfaits de la propolis, le compostage et recyclage, la consommation responsable et d\u00e9veloppement durable, la transformation digitale et environnement, et l\u2019initiation \u00e0 l\u2019agro-\u00e9cologie.<\/p>\n<p class=\"c1\">Pour ce qui est de l\u2019autre \u00e9v\u00e9nement : \u2018\u2019Forum de la techno-\u00e9thique\u2019\u2019, qui est \u00e0 sa deuxi\u00e8me \u00e9dition cette ann\u00e9e (6-10 novembre), il focalise sur le th\u00e8me \u2018\u2019Le d\u00e9veloppement Technologue et questionnement \u00e9thique : Apports des valeurs musulmanes \u00e0 la conciliation entre technique et \u00e9thique\u2019\u2019.<\/p>\n<p class=\"c1\">Dans une pr\u00e9sentation de cette manifestation, le comit\u00e9 d\u2019organisation rel\u00e8ve que depuis la r\u00e9volution technologique du 20\u00e8 si\u00e8cle, le d\u00e9veloppement technologique et scientifique ob\u00e9it \u00e0 une logique propre o\u00f9 n\u2019entre en ligne de compte aucune pr\u00e9occupation morale, faisant remarquer \u00e0 cet \u00e9gard qu\u2019on assiste de plus en plus \u00e0 une prolif\u00e9ration de questionnements \u00e9thiques sur les pratiques scientifiques et technologiques.<\/p>\n<p><img class=\"wp-image-15686 aligncenter\" data-src=\"http:\/\/www.mapoujda.ma\/map\/uploads\/2019\/11\/Des-ateliers-pour-les-enfants-\u00e0-Madagh-M750\u00d7430-MAP.jpg\" alt=\"\" width=\"576\" height=\"330\" srcset=\"http:\/\/www.mapoujda.ma\/map\/uploads\/2019\/11\/Des-ateliers-pour-les-enfants-\u00e0-Madagh-M750\u00d7430-MAP.jpg 750w, http:\/\/www.mapoujda.ma\/map\/uploads\/2019\/11\/Des-ateliers-pour-les-enfants-\u00e0-Madagh-M750\u00d7430-MAP-300x172.jpg 300w\" sizes=\"(max-width: 576px) 100vw, 576px\"\/><\/p>\n<p class=\"c1\">Et de souligner que \u2018\u2019l\u2019\u00e9thique musulmane est universelle dans le sens o\u00f9 elle traite la relation de l\u2019Homme avec son cr\u00e9ateur, avec lui-m\u00eame, avec la soci\u00e9t\u00e9 et enfin avec l\u2019environnement. Cette \u00e9thique est tout \u00e0 fait adapt\u00e9e pour r\u00e9\u00e9valuer le sens du d\u00e9veloppement et du progr\u00e8s technologique \u00e0 la lumi\u00e8re d\u2019une \u00e9thique universelle et multidimensionnelle\u2019\u2019.<\/p>\n<p class=\"c1\">Outre une conf\u00e9rence sur le th\u00e8me de cet \u00e9v\u00e9nement et une animation du stand Techno-\u00e9thique, le programme comporte des ateliers sur \u2018\u2019les enjeux \u00e9thiques de l\u2019intelligence artificielle\u2019\u2019 et \u2018\u2019Ethics by design : Mettre l\u2019\u00e9thique dans les objectifs strat\u00e9giques de l\u2019entreprise\u2019\u2019.<\/p>\n<p class=\"c1\">La 14\u00e8me Rencontre mondiale du soufisme qui a pour th\u00e8me central \u2019\u2019Soufisme et d\u00e9veloppement, la dimension spirituelle et l\u2019\u00e9dification de l\u2019Homme\u2019\u2019 est marqu\u00e9e aussi par la tenue de la 3\u00e8me \u00e9dition de l\u2019Universit\u00e9 Citoyenne (8-10 novembre) qui traite de la formation continue en tant que devoir moral, atout soci\u00e9tal et exigence professionnelle.<\/p>\n<p class=\"c1\">A travers un programme de cours ouverts aux publics, l\u2019Universit\u00e9 Citoyenne est le volet acad\u00e9mique de l\u2019action soci\u00e9tale qu\u2019entreprend la Fondation, visant \u00e0 faire comprendre que le savoir est accessible \u00e0 tous.<\/p>\n<p class=\"c1\">La Fondation a lanc\u00e9 aussi cette ann\u00e9e la 1\u00e8re \u00e9dition des Rencontres pr\u00e9ventives, une nouvelle initiative qui vise \u00e0 sensibiliser le grand public aux facteurs de risques des maladies cardiovasculaires, contribuer \u00e0 leur pr\u00e9vention \u00e0 l\u2019aide de choix simples et ainsi inciter \u00e0 am\u00e9liorer la sant\u00e9 de chacun.<\/p>\n<p class=\"c1\">Organis\u00e9e par la Tariqa Qadiriya Boutchichiya et la fondation Al Moultaqa en partenariat avec le Centre Euro-M\u00e9diterran\u00e9en d\u2019Etude de l\u2019Islam Actuel (CEMEIA), la 14\u00e8 Rencontre mondiale du soufisme r\u00e9unit pr\u00e8s de 120 universitaires, chercheurs et intellectuels du monde entier.<\/p>\n<p>Auteur: Soufiane ELAHMAR<br \/>\n<a href=\"http:\/\/www.mapoujda.ma\/fr\/lenvironnement-et-la-techno-ethique-au-centre-des-rms\/\">Cliquez ici pour lire l&rsquo;article depuis sa source.<\/a><\/p>\n","protected":false},"excerpt":{"rendered":"<p>\u2018\u2019Les Assises musulmanes de l\u2019\u00e9cologie\u2019\u2019 et \u2018\u2019Le Forum de la techno-\u00e9thique\u2019\u2019 sont deux \u00e9v\u00e9nements qui ponctuent, cette ann\u00e9e encore, la 14\u00e8me Rencontre mondiale du soufisme (RMS) qui se tient du 6 au 10 novembre \u00e0 Madagh (province de Berkane) sous le Haut patronage de SM le Roi Mohammed VI. Organis\u00e9es depuis 2015 \u00e0 Madagh, les [&hellip;]<\/p>\n","protected":false},"author":1788,"featured_media":67048,"comment_status":"closed","ping_status":"closed","sticky":false,"template":"","format":"standard","meta":{"fifu_image_url":"","fifu_image_alt":"","footnotes":""},"categories":[54,76],"tags":[],"class_list":["post-67047","post","type-post","status-publish","format-standard","has-post-thumbnail","hentry","category-maroc","category-regions"],"_links":{"self":[{"href":"https:\/\/linitiative.ca\/International\/wp-json\/wp\/v2\/posts\/67047","targetHints":{"allow":["GET"]}}],"collection":[{"href":"https:\/\/linitiative.ca\/International\/wp-json\/wp\/v2\/posts"}],"about":[{"href":"https:\/\/linitiative.ca\/International\/wp-json\/wp\/v2\/types\/post"}],"author":[{"embeddable":true,"href":"https:\/\/linitiative.ca\/International\/wp-json\/wp\/v2\/users\/1788"}],"replies":[{"embeddable":true,"href":"https:\/\/linitiative.ca\/International\/wp-json\/wp\/v2\/comments?post=67047"}],"version-history":[{"count":0,"href":"https:\/\/linitiative.ca\/International\/wp-json\/wp\/v2\/posts\/67047\/revisions"}],"wp:featuredmedia":[{"embeddable":true,"href":"https:\/\/linitiative.ca\/International\/wp-json\/"}],"wp:attachment":[{"href":"https:\/\/linitiative.ca\/International\/wp-json\/wp\/v2\/media?parent=67047"}],"wp:term":[{"taxonomy":"category","embeddable":true,"href":"https:\/\/linitiative.ca\/International\/wp-json\/wp\/v2\/categories?post=67047"},{"taxonomy":"post_tag","embeddable":true,"href":"https:\/\/linitiative.ca\/International\/wp-json\/wp\/v2\/tags?post=67047"}],"curies":[{"name":"wp","href":"https:\/\/api.w.org\/{rel}","templated":true}]}}