{"id":67049,"date":"2019-11-10T13:26:20","date_gmt":"2019-11-10T18:26:20","guid":{"rendered":"https:\/\/linitiative.ca\/International\/marche-verte-renforcement-de-loffre-educative-et-sociale\/"},"modified":"2019-11-10T13:26:20","modified_gmt":"2019-11-10T18:26:20","slug":"marche-verte-renforcement-de-loffre-educative-et-sociale","status":"publish","type":"post","link":"https:\/\/linitiative.ca\/International\/marche-verte-renforcement-de-loffre-educative-et-sociale\/","title":{"rendered":"Marche Verte : renforcement de l\u2019offre \u00e9ducative et sociale"},"content":{"rendered":"<p><iframe loading=\"lazy\" width=\"1170\" height=\"658\" src=\"https:\/\/www.youtube.com\/embed\/fjhk9opoar0?feature=oembed\" frameborder=\"0\" allow=\"accelerometer; autoplay; encrypted-media; gyroscope; picture-in-picture\" allowfullscreen=\"\">[embedded content]<\/iframe><\/p>\n<div class=\"post-header-inner\">\n<div class=\"post-header-title\">\n<p>\n\t\t\t\t<span class=\"time\"><time class=\"post-published updated\" datetime=\"2019-11-10T19:26:20+00:00\"><b><b> 10 novembre 2019 <\/b> <\/b><\/time><\/span>\n\t\t\t<\/p>\n<\/p><\/div>\n<\/p><\/div>\n<div class=\"single-post-excerpt post-excerpt-bc\" readability=\"35\">\n<p>De nouveaux projets visant le renforcement de l\u2019offre scolaire et des services sociaux de base ont \u00e9t\u00e9 lanc\u00e9s ou inaugur\u00e9s, \u00e0 l\u2019occasion de la c\u00e9l\u00e9bration du 44\u00e8me anniversaire de la glorieuse Marche Verte.<\/p>\n<\/div>\n<p>Auteur: Soufiane ELAHMAR<br \/>\n<a href=\"http:\/\/www.mapoujda.ma\/fr\/marche-verte-renforcement-de-loffre-educative-et-sociale-2\/\">Cliquez ici pour lire l&rsquo;article depuis sa source.<\/a><\/p>\n","protected":false},"excerpt":{"rendered":"<p>[embedded content] 10 novembre 2019 De nouveaux projets visant le renforcement de l\u2019offre scolaire et des services sociaux de base ont \u00e9t\u00e9 lanc\u00e9s ou inaugur\u00e9s, \u00e0 l\u2019occasion de la c\u00e9l\u00e9bration du 44\u00e8me anniversaire de la glorieuse Marche Verte. Auteur: Soufiane ELAHMAR Cliquez ici pour lire l&rsquo;article depuis sa source.<\/p>\n","protected":false},"author":1788,"featured_media":0,"comment_status":"closed","ping_status":"closed","sticky":false,"template":"","format":"standard","meta":{"fifu_image_url":"","fifu_image_alt":"","footnotes":""},"categories":[54,76],"tags":[],"class_list":["post-67049","post","type-post","status-publish","format-standard","hentry","category-maroc","category-regions"],"_links":{"self":[{"href":"https:\/\/linitiative.ca\/International\/wp-json\/wp\/v2\/posts\/67049","targetHints":{"allow":["GET"]}}],"collection":[{"href":"https:\/\/linitiative.ca\/International\/wp-json\/wp\/v2\/posts"}],"about":[{"href":"https:\/\/linitiative.ca\/International\/wp-json\/wp\/v2\/types\/post"}],"author":[{"embeddable":true,"href":"https:\/\/linitiative.ca\/International\/wp-json\/wp\/v2\/users\/1788"}],"replies":[{"embeddable":true,"href":"https:\/\/linitiative.ca\/International\/wp-json\/wp\/v2\/comments?post=67049"}],"version-history":[{"count":0,"href":"https:\/\/linitiative.ca\/International\/wp-json\/wp\/v2\/posts\/67049\/revisions"}],"wp:attachment":[{"href":"https:\/\/linitiative.ca\/International\/wp-json\/wp\/v2\/media?parent=67049"}],"wp:term":[{"taxonomy":"category","embeddable":true,"href":"https:\/\/linitiative.ca\/International\/wp-json\/wp\/v2\/categories?post=67049"},{"taxonomy":"post_tag","embeddable":true,"href":"https:\/\/linitiative.ca\/International\/wp-json\/wp\/v2\/tags?post=67049"}],"curies":[{"name":"wp","href":"https:\/\/api.w.org\/{rel}","templated":true}]}}