{"id":67050,"date":"2019-11-10T13:47:07","date_gmt":"2019-11-10T18:47:07","guid":{"rendered":"https:\/\/linitiative.ca\/International\/botola-pro-d1-le-wac-sincline-face-a-la-rsb\/"},"modified":"2019-11-10T13:47:07","modified_gmt":"2019-11-10T18:47:07","slug":"botola-pro-d1-le-wac-sincline-face-a-la-rsb","status":"publish","type":"post","link":"https:\/\/linitiative.ca\/International\/botola-pro-d1-le-wac-sincline-face-a-la-rsb\/","title":{"rendered":"Botola Pro D1 : Le WAC s\u2019incline face \u00e0 la RSB"},"content":{"rendered":"<div class=\"single-featured\"><img alt=\"\" data-src=\"http:\/\/www.mapoujda.ma\/map\/uploads\/2019\/11\/RSB-face-au-WAC-\u00e0-Casablanca-M750\u00d7430-MAP-Archive.jpg\"\/><\/div>\n<div class=\"entry-content clearfix single-post-content\" readability=\"45\">\n<p class=\"c1\">Le Wydad de Casablanca (WAC) s\u2019est inclin\u00e9 \u00e0 domicile (0-1) face \u00e0 la Renaissance de Berkane, en match comptant pour la mise \u00e0 jour de la cinqui\u00e8me journ\u00e9e, disput\u00e9 dimanche au complexe sportif Mohammed V.<\/p>\n<p class=\"c1\">L\u2019unique but de la rencontre a \u00e9t\u00e9 inscrit \u00e0 la 42\u00e8 minute par le Burkinab\u00e9 Issoufou Dayo qui offre aux siens les trois points de cette victoire arrach\u00e9e sur la pelouse du WAC.<\/p>\n<p class=\"c1\">Gr\u00e2ce \u00e0 cette victoire, la Renaissance de Berkane se hisse \u00e0 la deuxi\u00e8me position avec 10 points ex \u00e6quo avec le Mouloudia d\u2019Oujda et le WAC, qui rate l\u2019occasion de s\u2019emparer de la place du leader apr\u00e8s cette d\u00e9faite \u00e0 domicile.<\/p>\n<\/div>\n<p>Auteur: Soufiane ELAHMAR<br \/>\n<a href=\"http:\/\/www.mapoujda.ma\/fr\/botola-pro-d1-le-wac-sincline-face-a-la-rsb\/\">Cliquez ici pour lire l&rsquo;article depuis sa source.<\/a><\/p>\n","protected":false},"excerpt":{"rendered":"<p>Le Wydad de Casablanca (WAC) s\u2019est inclin\u00e9 \u00e0 domicile (0-1) face \u00e0 la Renaissance de Berkane, en match comptant pour la mise \u00e0 jour de la cinqui\u00e8me journ\u00e9e, disput\u00e9 dimanche au complexe sportif Mohammed V. L\u2019unique but de la rencontre a \u00e9t\u00e9 inscrit \u00e0 la 42\u00e8 minute par le Burkinab\u00e9 Issoufou Dayo qui offre aux [&hellip;]<\/p>\n","protected":false},"author":1788,"featured_media":67051,"comment_status":"closed","ping_status":"closed","sticky":false,"template":"","format":"standard","meta":{"fifu_image_url":"","fifu_image_alt":"","footnotes":""},"categories":[54,76],"tags":[],"class_list":["post-67050","post","type-post","status-publish","format-standard","has-post-thumbnail","hentry","category-maroc","category-regions"],"_links":{"self":[{"href":"https:\/\/linitiative.ca\/International\/wp-json\/wp\/v2\/posts\/67050","targetHints":{"allow":["GET"]}}],"collection":[{"href":"https:\/\/linitiative.ca\/International\/wp-json\/wp\/v2\/posts"}],"about":[{"href":"https:\/\/linitiative.ca\/International\/wp-json\/wp\/v2\/types\/post"}],"author":[{"embeddable":true,"href":"https:\/\/linitiative.ca\/International\/wp-json\/wp\/v2\/users\/1788"}],"replies":[{"embeddable":true,"href":"https:\/\/linitiative.ca\/International\/wp-json\/wp\/v2\/comments?post=67050"}],"version-history":[{"count":0,"href":"https:\/\/linitiative.ca\/International\/wp-json\/wp\/v2\/posts\/67050\/revisions"}],"wp:featuredmedia":[{"embeddable":true,"href":"https:\/\/linitiative.ca\/International\/wp-json\/"}],"wp:attachment":[{"href":"https:\/\/linitiative.ca\/International\/wp-json\/wp\/v2\/media?parent=67050"}],"wp:term":[{"taxonomy":"category","embeddable":true,"href":"https:\/\/linitiative.ca\/International\/wp-json\/wp\/v2\/categories?post=67050"},{"taxonomy":"post_tag","embeddable":true,"href":"https:\/\/linitiative.ca\/International\/wp-json\/wp\/v2\/tags?post=67050"}],"curies":[{"name":"wp","href":"https:\/\/api.w.org\/{rel}","templated":true}]}}