{"id":67052,"date":"2019-11-10T14:54:13","date_gmt":"2019-11-10T19:54:13","guid":{"rendered":"https:\/\/linitiative.ca\/International\/les-milliards-en-souffrance-de-lonee\/"},"modified":"2019-11-10T14:54:13","modified_gmt":"2019-11-10T19:54:13","slug":"les-milliards-en-souffrance-de-lonee","status":"publish","type":"post","link":"https:\/\/linitiative.ca\/International\/les-milliards-en-souffrance-de-lonee\/","title":{"rendered":"Les milliards en souffrance de l\u2019ONEE"},"content":{"rendered":"<p class=\"rtejustify\">Etablie \u00e0 3,5 milliards de DH en 2014, la cr\u00e9ance d\u00e9tenue par l\u2019Office national de l\u2019eau et de l\u2019\u00e9lectricit\u00e9 sur les r\u00e9gies, les communes et les administrations publiques n\u2019a pas \u00e9t\u00e9 honor\u00e9e conform\u00e9ment au contrat programme conclu entre l\u2019office et l\u2019Etat. La cr\u00e9ance s\u2019est m\u00eame alourdie de quelques milliards de DH. Ce montant n\u2019int\u00e8gre pas le cr\u00e9dit TVA transf\u00e9r\u00e9 \u00e0 l\u2019ONEE par les contrats PPA.<\/p>\n<p class=\"rtejustify\"><em>K.M.<\/em><\/p>\n<p>Auteur: hlafriqi<br \/>\n<a href=\"https:\/\/www.leconomiste.com\/article\/1052907-les-milliards-en-souffrance-de-l-onee\">Cliquez ici pour lire l&rsquo;article depuis sa source.<\/a><\/p>\n","protected":false},"excerpt":{"rendered":"<p>Etablie \u00e0 3,5 milliards de DH en 2014, la cr\u00e9ance d\u00e9tenue par l\u2019Office national de l\u2019eau et de l\u2019\u00e9lectricit\u00e9 sur les r\u00e9gies, les communes et les administrations publiques n\u2019a pas \u00e9t\u00e9 honor\u00e9e conform\u00e9ment au contrat programme conclu entre l\u2019office et l\u2019Etat. La cr\u00e9ance s\u2019est m\u00eame alourdie de quelques milliards de DH. Ce montant n\u2019int\u00e8gre pas [&hellip;]<\/p>\n","protected":false},"author":1763,"featured_media":0,"comment_status":"closed","ping_status":"closed","sticky":false,"template":"","format":"standard","meta":{"fifu_image_url":"","fifu_image_alt":"","footnotes":""},"categories":[78,54],"tags":[],"class_list":["post-67052","post","type-post","status-publish","format-standard","hentry","category-economie","category-maroc"],"_links":{"self":[{"href":"https:\/\/linitiative.ca\/International\/wp-json\/wp\/v2\/posts\/67052","targetHints":{"allow":["GET"]}}],"collection":[{"href":"https:\/\/linitiative.ca\/International\/wp-json\/wp\/v2\/posts"}],"about":[{"href":"https:\/\/linitiative.ca\/International\/wp-json\/wp\/v2\/types\/post"}],"author":[{"embeddable":true,"href":"https:\/\/linitiative.ca\/International\/wp-json\/wp\/v2\/users\/1763"}],"replies":[{"embeddable":true,"href":"https:\/\/linitiative.ca\/International\/wp-json\/wp\/v2\/comments?post=67052"}],"version-history":[{"count":0,"href":"https:\/\/linitiative.ca\/International\/wp-json\/wp\/v2\/posts\/67052\/revisions"}],"wp:attachment":[{"href":"https:\/\/linitiative.ca\/International\/wp-json\/wp\/v2\/media?parent=67052"}],"wp:term":[{"taxonomy":"category","embeddable":true,"href":"https:\/\/linitiative.ca\/International\/wp-json\/wp\/v2\/categories?post=67052"},{"taxonomy":"post_tag","embeddable":true,"href":"https:\/\/linitiative.ca\/International\/wp-json\/wp\/v2\/tags?post=67052"}],"curies":[{"name":"wp","href":"https:\/\/api.w.org\/{rel}","templated":true}]}}