{"id":67055,"date":"2019-11-10T15:13:58","date_gmt":"2019-11-10T20:13:58","guid":{"rendered":"https:\/\/linitiative.ca\/International\/equipe-dalgerie-zorgane-je-remercie-belmadi-pour-sa-confiance\/"},"modified":"2019-11-10T15:13:58","modified_gmt":"2019-11-10T20:13:58","slug":"equipe-dalgerie-zorgane-je-remercie-belmadi-pour-sa-confiance","status":"publish","type":"post","link":"https:\/\/linitiative.ca\/International\/equipe-dalgerie-zorgane-je-remercie-belmadi-pour-sa-confiance\/","title":{"rendered":"Equipe d&rsquo;Alg\u00e9rie : Zorgane: \u00abJe remercie Belmadi pour sa confiance\u00bb"},"content":{"rendered":"<div readability=\"32\">\n<p>Auteur : <span>S.F.<\/span> <span class=\"time\">dimanche 10 novembre 2019 18:55<\/span><\/p>\n<\/div>\n<div id=\"post_core\" readability=\"40\">\n<p>Convoqu\u00e9 pour la premi\u00e8re fois en s\u00e9lection nationale A, le milieu de terrain prometteur du Paradou AC, Adam Zorgane a exprim\u00e9 pour la chaine El Heddaf TV son bonheur de pouvoir int\u00e9grer les rangs des Verts\u00a0: \u00ab\u00a0Je suis tr\u00e8s content de cette convocation. C\u2019est un r\u00eave qui se r\u00e9alise pour moi. Cette convocation est le fruit de mon dur travail et mon s\u00e9rieux avec mon \u00e9quipe du Paradou. Je remercie le coach Djamel Belmadi pour sa confiance et j\u2019esp\u00e8re Inch\u2019Allah \u00eatre \u00e0 la hauteur\u00a0\u00bb, a-t-il d\u00e9clar\u00e9.<\/p>\n<p><strong>Publi\u00e9 dans :<\/strong> <span>Belmadi<\/span> <span>Zorgane<\/span><\/p>\n<\/div>\n<p>Auteur:<br \/>\n<a href=\"http:\/\/www.lebuteur.com\/article\/detail?titre=zorgane-je-remercie-belmadi-pour-sa-confiance&#038;id=92874&#038;utm_source=feedburner&#038;utm_medium=feed&#038;utm_campaign=Feed%3A+GalerieFArtciles+%28Les+derniers+articles++-+lebuteur.com%29\">Cliquez ici pour lire l&rsquo;article depuis sa source.<\/a><\/p>\n","protected":false},"excerpt":{"rendered":"<p>Auteur : S.F. dimanche 10 novembre 2019 18:55 Convoqu\u00e9 pour la premi\u00e8re fois en s\u00e9lection nationale A, le milieu de terrain prometteur du Paradou AC, Adam Zorgane a exprim\u00e9 pour la chaine El Heddaf TV son bonheur de pouvoir int\u00e9grer les rangs des Verts\u00a0: \u00ab\u00a0Je suis tr\u00e8s content de cette convocation. C\u2019est un r\u00eave qui [&hellip;]<\/p>\n","protected":false},"author":1738,"featured_media":67056,"comment_status":"closed","ping_status":"closed","sticky":false,"template":"","format":"standard","meta":{"fifu_image_url":"","fifu_image_alt":"","footnotes":""},"categories":[53,75],"tags":[],"class_list":["post-67055","post","type-post","status-publish","format-standard","has-post-thumbnail","hentry","category-algerie","category-sport"],"_links":{"self":[{"href":"https:\/\/linitiative.ca\/International\/wp-json\/wp\/v2\/posts\/67055","targetHints":{"allow":["GET"]}}],"collection":[{"href":"https:\/\/linitiative.ca\/International\/wp-json\/wp\/v2\/posts"}],"about":[{"href":"https:\/\/linitiative.ca\/International\/wp-json\/wp\/v2\/types\/post"}],"author":[{"embeddable":true,"href":"https:\/\/linitiative.ca\/International\/wp-json\/wp\/v2\/users\/1738"}],"replies":[{"embeddable":true,"href":"https:\/\/linitiative.ca\/International\/wp-json\/wp\/v2\/comments?post=67055"}],"version-history":[{"count":0,"href":"https:\/\/linitiative.ca\/International\/wp-json\/wp\/v2\/posts\/67055\/revisions"}],"wp:featuredmedia":[{"embeddable":true,"href":"https:\/\/linitiative.ca\/International\/wp-json\/"}],"wp:attachment":[{"href":"https:\/\/linitiative.ca\/International\/wp-json\/wp\/v2\/media?parent=67055"}],"wp:term":[{"taxonomy":"category","embeddable":true,"href":"https:\/\/linitiative.ca\/International\/wp-json\/wp\/v2\/categories?post=67055"},{"taxonomy":"post_tag","embeddable":true,"href":"https:\/\/linitiative.ca\/International\/wp-json\/wp\/v2\/tags?post=67055"}],"curies":[{"name":"wp","href":"https:\/\/api.w.org\/{rel}","templated":true}]}}