{"id":67064,"date":"2019-11-10T15:20:01","date_gmt":"2019-11-10T20:20:01","guid":{"rendered":"https:\/\/linitiative.ca\/International\/presidentielle-du-12-decembre-autorite-nationale-independante-des-elections-une-semaine-charniere-avant-la-campagne-electorale\/"},"modified":"2019-11-10T15:20:01","modified_gmt":"2019-11-10T20:20:01","slug":"presidentielle-du-12-decembre-autorite-nationale-independante-des-elections-une-semaine-charniere-avant-la-campagne-electorale","status":"publish","type":"post","link":"https:\/\/linitiative.ca\/International\/presidentielle-du-12-decembre-autorite-nationale-independante-des-elections-une-semaine-charniere-avant-la-campagne-electorale\/","title":{"rendered":"Pr\u00e9sidentielle du 12 d\u00e9cembre, Autorit\u00e9 nationale ind\u00e9pendante des \u00e9lections : Une semaine charni\u00e8re avant la campagne \u00e9lectorale"},"content":{"rendered":"<p><strong>Signature, samedi prochain, de la charte d\u2019\u00e9thique de la pratique \u00e9lectorale par les cinq candidats, et les responsables des m\u00e9dias publics et priv\u00e9s.<\/strong><\/p>\n<p>Le pr\u00e9sident de l\u2019Autorit\u00e9 nationale ind\u00e9pendante des \u00e9lections (Anie), M. Mohamed Charfi, a r\u00e9uni hier les membres de cette instance en assembl\u00e9e g\u00e9n\u00e9rale au si\u00e8ge de Club-des-pins du Palais des Nations. L\u2019ordre du jour, a indiqu\u00e9 M. Ali Dra\u00e2, charg\u00e9 de la communication de l\u2019Anie, consistait \u00e0 acter, d\u2019une part, la d\u00e9cision du Conseil constitutionnel ayant officiellement et de mani\u00e8re d\u00e9finitive statu\u00e9 sur les candidatures pour la pr\u00e9sidentielle du 12 d\u00e9cembre, et acc\u00e9l\u00e9rer, d\u2019autre part, les pr\u00e9paratifs en pr\u00e9vision de la campagne \u00e9lectorale qui d\u00e9butera le 17 novembre.\u00a0 Dans cette perspective, la semaine en cours s\u2019annonce charg\u00e9e pour les cadres de l\u2019Anie. En effet, en sus de l\u2019acc\u00e9l\u00e9ration de la cadence des r\u00e9unions de concertation au sein de ses diff\u00e9rentes structures internes, des rencontres sont \u00e9galement pr\u00e9vues avec les cinq candidats en lice.\u00a0 Ces rencontres ont pour but, explique M. Dra\u00e2, de d\u00e9battre des modalit\u00e9s de l\u2019op\u00e9ration de r\u00e9partition du passage sur les m\u00e9dias lourds devant \u00eatre finalis\u00e9e jeudi prochain lors d\u2019une r\u00e9union avec les repr\u00e9sentants de l\u2019Arav. S\u2019ensuivra la signature, samedi prochain, de la charte d\u2019\u00e9thique de la pratique \u00e9lectorale par les cinq candidats et l\u2019ensemble des responsables des supports m\u00e9diatiques publics et priv\u00e9s.\u00a0 Les dispositions du document ob\u00e9issent \u00e0 l\u2019id\u00e9e d\u2019assurer une campagne \u00e9lectorale saine \u00abexempte de toute sorte de d\u00e9rives, d\u2019injures et respectant le cadre r\u00e9glementaire y aff\u00e9rent\u00bb, explique encore notre interlocuteur.\u00a0 Document in\u00e9dit dans les annales des \u00e9lections que le pays a connues depuis son ind\u00e9pendance, la charte d\u2019\u00e9thique de la pratique \u00e9lectorale cristallise \u00e0 travers ses dispositions l\u2019engagement moral des cinq candidats \u00e0 garantir une comp\u00e9tition sereine et r\u00e9guli\u00e8re. L\u2019objectif vis\u00e9 est d\u2019aller vers une campagne \u00e9lectorale devant \u00eatre marqu\u00e9e par une confrontation uniquement sur la base de programmes et la tenue d\u2019un discours en parfaite harmonie avec les aspirations de la population et ses attentes en rapport avec le prochain rendez-vous \u00e9lectoral.\u00a0 Sur un autre volet, la pr\u00e9sentation du fichier \u00e9lectoral \u00e9lectronique, initialement pr\u00e9vue pour hier, a \u00e9t\u00e9 report\u00e9e ult\u00e9rieurement en raison de la tenue de ladite assembl\u00e9e g\u00e9n\u00e9rale des membres de l\u2019Anie sous l\u2019\u00e9gide de son pr\u00e9sident Mohamed Charfi.<br \/>\u00a0Ce qu\u2019il faut retenir concernant le fichier \u00e9lectoral, c\u2019est surtout le fait que son assainissement s\u2019est fait \u00e0 l\u2019aide d\u2019applications technologiques ayant permis une \u00e9puration des listes \u00e9lectorales au niveau de chaque commune. Les donn\u00e9es ainsi r\u00e9actualis\u00e9es du fichier \u00e9lectoral seront mises \u00e0 la disposition des cinq candidats sur CD-rom.<br \/>\u00a0<br \/><strong>Sensibilisation et vulgarisation\u00a0 du scrutin pr\u00e9sidentiel<\/strong><\/p>\n<p>Outre les aspects purement organisationnels de la pr\u00e9sidentielle dont se charge l\u2019Anie, en vertu des pr\u00e9rogatives r\u00e9glementaires, le volet li\u00e9 \u00e0 la sensibilisation du citoyen quant \u00e0 l\u2019importance que rev\u00eat le scrutin n\u2019est pas en reste. A l\u2019\u00e9vidence, l\u2019objectif escompt\u00e9 vise \u00e0 s\u2019assurer d\u2019un taux de participation respectable dans le choix souverain du futur pr\u00e9sident de la R\u00e9publique. Dans cette optique, le conseiller du pr\u00e9sident de l\u2019Anie, M. Othmani, s\u2019est concert\u00e9 hier avec des repr\u00e9sentants des m\u00e9dias publics en vue de d\u00e9finir les contours d\u2019une strat\u00e9gie de sensibilisation efficace \u00e0 vulgariser les m\u00eames supports m\u00e9diatiques. En ce sens, l\u2019id\u00e9e d\u2019investir les r\u00e9seaux sociaux a \u00e9t\u00e9 mise en relief lors de cette r\u00e9union, de m\u00eame que celle de voir l\u2019Anie se doter de son propre forum de presse pour mieux expliciter \u00e0 l\u2019opinion les diff\u00e9rents enjeux autant politiques qu\u2019\u00e9conomiques li\u00e9s au prochain rendez-vous \u00e9lectoral, de m\u00eame que les attentes des citoyens de la prochaine pr\u00e9sidentielle.<br \/>Karim Aoudia<\/p>\n<p>Auteur: elmoudjahid<br \/>\n<a href=\"http:\/\/www.elmoudjahid.com\/fr\/actualites\/144344\">Cliquez ici pour lire l&rsquo;article depuis sa source.<\/a><\/p>\n","protected":false},"excerpt":{"rendered":"<p>Signature, samedi prochain, de la charte d\u2019\u00e9thique de la pratique \u00e9lectorale par les cinq candidats, et les responsables des m\u00e9dias publics et priv\u00e9s. Le pr\u00e9sident de l\u2019Autorit\u00e9 nationale ind\u00e9pendante des \u00e9lections (Anie), M. Mohamed Charfi, a r\u00e9uni hier les membres de cette instance en assembl\u00e9e g\u00e9n\u00e9rale au si\u00e8ge de Club-des-pins du Palais des Nations. L\u2019ordre [&hellip;]<\/p>\n","protected":false},"author":1744,"featured_media":0,"comment_status":"closed","ping_status":"closed","sticky":false,"template":"","format":"standard","meta":{"fifu_image_url":"","fifu_image_alt":"","footnotes":""},"categories":[73,53],"tags":[],"class_list":["post-67064","post","type-post","status-publish","format-standard","hentry","category-actualite","category-algerie"],"_links":{"self":[{"href":"https:\/\/linitiative.ca\/International\/wp-json\/wp\/v2\/posts\/67064","targetHints":{"allow":["GET"]}}],"collection":[{"href":"https:\/\/linitiative.ca\/International\/wp-json\/wp\/v2\/posts"}],"about":[{"href":"https:\/\/linitiative.ca\/International\/wp-json\/wp\/v2\/types\/post"}],"author":[{"embeddable":true,"href":"https:\/\/linitiative.ca\/International\/wp-json\/wp\/v2\/users\/1744"}],"replies":[{"embeddable":true,"href":"https:\/\/linitiative.ca\/International\/wp-json\/wp\/v2\/comments?post=67064"}],"version-history":[{"count":0,"href":"https:\/\/linitiative.ca\/International\/wp-json\/wp\/v2\/posts\/67064\/revisions"}],"wp:attachment":[{"href":"https:\/\/linitiative.ca\/International\/wp-json\/wp\/v2\/media?parent=67064"}],"wp:term":[{"taxonomy":"category","embeddable":true,"href":"https:\/\/linitiative.ca\/International\/wp-json\/wp\/v2\/categories?post=67064"},{"taxonomy":"post_tag","embeddable":true,"href":"https:\/\/linitiative.ca\/International\/wp-json\/wp\/v2\/tags?post=67064"}],"curies":[{"name":"wp","href":"https:\/\/api.w.org\/{rel}","templated":true}]}}