{"id":67065,"date":"2019-11-10T15:20:03","date_gmt":"2019-11-10T20:20:03","guid":{"rendered":"https:\/\/linitiative.ca\/International\/marches-de-soutien-a-mostaganem-et-a-relizane\/"},"modified":"2019-11-10T15:20:03","modified_gmt":"2019-11-10T20:20:03","slug":"marches-de-soutien-a-mostaganem-et-a-relizane","status":"publish","type":"post","link":"https:\/\/linitiative.ca\/International\/marches-de-soutien-a-mostaganem-et-a-relizane\/","title":{"rendered":"Marches de soutien \u00e0 Mostaganem et \u00e0 relizane"},"content":{"rendered":"<p>Des citoyens ont organis\u00e9, dimanche \u00e0 Mostaganem, une marche pacifique, pour exprimer leur soutien \u00e0 l\u2019\u00e9lection pr\u00e9sidentielle du 12 d\u00e9cembre prochain, a-t-on constat\u00e9 sur place. Les participants \u00e0 cette initiative, repr\u00e9sentant diff\u00e9rentes couches sociales de la wilaya, se sont regroup\u00e9s devant la place de l\u2019Ind\u00e9pendance, face au si\u00e8ge de l\u2019APC, pour ensuite traverser les boulevards Cheikh-Bendine, Hocine-Hamadou, puis la route d\u2019Oran, pour atteindre enfin le boulevard Bouma\u00e2za-Mohamed, devant le si\u00e8ge de la wilaya.<br \/>Les manifestants ont scand\u00e9 diff\u00e9rents slogans, comme \u00abDjeich, cha\u00e2b, khawa-khawa\u00bb, \u00abOui \u00e0 l\u2019\u00e9lection, et non \u00e0 la corruption\u00bb, \u00abLes \u00e9lections sont la solution\u00bb et \u00abNon \u00e0 l\u2019inconnu\u00bb.<br \/>Les marcheurs ont insist\u00e9 sur la n\u00e9cessit\u00e9 de s\u2019attacher \u00e0 la solution constitutionnelle, pour r\u00e9gler la crise politique, de parachever le processus \u00e9lectoral lanc\u00e9 en septembre dernier et de soutenir l&rsquo;Arm\u00e9e nationale populaire (ANP), digne h\u00e9riti\u00e8re de la glorieuse Arm\u00e9e de lib\u00e9ration nationale (ALN). Ils ont \u00e9galement r\u00e9it\u00e9r\u00e9, \u00e0 travers leurs slogans, l\u2019importance de renforcer le lien ANP-Nation, notamment pour ce qui a \u00e9t\u00e9 concr\u00e9tis\u00e9, ces derniers mois, par l\u2019accompagnement de l\u2019Arm\u00e9e des revendications du changement et ses efforts, en vue de prot\u00e9ger le pays et sa stabilit\u00e9. La pluie et le froid glacial n\u2019ont pas emp\u00each\u00e9 les manifestants de poursuivre leur marche, achev\u00e9e ensuite dans le calme.<br \/>l Des centaines de citoyens se sont rassembl\u00e9s, hier \u00e0 la place \u00abEs-Salam\u00bb, au centre de Relizane, pour exprimer leur soutien \u00e0 l\u2019\u00e9lection pr\u00e9sidentielle. Des citoyens de diff\u00e9rentes couches de la soci\u00e9t\u00e9 civile, ayant pris part \u00e0 ce regroupement, en d\u00e9pit de la pluie et du froid glacial, ont exprim\u00e9 leur soutien \u00e0 l\u2019APN et \u00e0 la prochaine pr\u00e9sidentielle, et leur souhait d\u2019un changement auquel aspire le peuple. Les participants ont retenti des slogans r\u00e9clamant l\u2019organisation des \u00e9lections \u00e0 leur date, pour \u00e9lire le futur pr\u00e9sident du pays, et affirmant le lien entre le peuple et l\u2019arm\u00e9e. Ils ont brandi des banderoles o\u00f9 est \u00e9crit, entre autres, \u00abOui aux \u00e9lections pr\u00e9sidentielles\u00bb, \u00abDjeich Chaab khawa khawa\u00bb, \u00abL\u2019arm\u00e9e, une ligne rouge\u00bb et \u00abLes \u00e9lections, la seule issue \u00e0 la crise de l\u2019Alg\u00e9rie\u00bb.<\/p>\n<p>Auteur: elmoudjahid<br \/>\n<a href=\"http:\/\/www.elmoudjahid.com\/fr\/actualites\/144345\">Cliquez ici pour lire l&rsquo;article depuis sa source.<\/a><\/p>\n","protected":false},"excerpt":{"rendered":"<p>Des citoyens ont organis\u00e9, dimanche \u00e0 Mostaganem, une marche pacifique, pour exprimer leur soutien \u00e0 l\u2019\u00e9lection pr\u00e9sidentielle du 12 d\u00e9cembre prochain, a-t-on constat\u00e9 sur place. Les participants \u00e0 cette initiative, repr\u00e9sentant diff\u00e9rentes couches sociales de la wilaya, se sont regroup\u00e9s devant la place de l\u2019Ind\u00e9pendance, face au si\u00e8ge de l\u2019APC, pour ensuite traverser les boulevards [&hellip;]<\/p>\n","protected":false},"author":1744,"featured_media":0,"comment_status":"closed","ping_status":"closed","sticky":false,"template":"","format":"standard","meta":{"fifu_image_url":"","fifu_image_alt":"","footnotes":""},"categories":[73,53],"tags":[],"class_list":["post-67065","post","type-post","status-publish","format-standard","hentry","category-actualite","category-algerie"],"_links":{"self":[{"href":"https:\/\/linitiative.ca\/International\/wp-json\/wp\/v2\/posts\/67065","targetHints":{"allow":["GET"]}}],"collection":[{"href":"https:\/\/linitiative.ca\/International\/wp-json\/wp\/v2\/posts"}],"about":[{"href":"https:\/\/linitiative.ca\/International\/wp-json\/wp\/v2\/types\/post"}],"author":[{"embeddable":true,"href":"https:\/\/linitiative.ca\/International\/wp-json\/wp\/v2\/users\/1744"}],"replies":[{"embeddable":true,"href":"https:\/\/linitiative.ca\/International\/wp-json\/wp\/v2\/comments?post=67065"}],"version-history":[{"count":0,"href":"https:\/\/linitiative.ca\/International\/wp-json\/wp\/v2\/posts\/67065\/revisions"}],"wp:attachment":[{"href":"https:\/\/linitiative.ca\/International\/wp-json\/wp\/v2\/media?parent=67065"}],"wp:term":[{"taxonomy":"category","embeddable":true,"href":"https:\/\/linitiative.ca\/International\/wp-json\/wp\/v2\/categories?post=67065"},{"taxonomy":"post_tag","embeddable":true,"href":"https:\/\/linitiative.ca\/International\/wp-json\/wp\/v2\/tags?post=67065"}],"curies":[{"name":"wp","href":"https:\/\/api.w.org\/{rel}","templated":true}]}}