{"id":67067,"date":"2019-11-10T15:20:08","date_gmt":"2019-11-10T20:20:08","guid":{"rendered":"https:\/\/linitiative.ca\/International\/m-abdelkader-bengrina-au-forum-del-wassat-je-suis-le-candidat-du-peuple\/"},"modified":"2019-11-10T15:20:08","modified_gmt":"2019-11-10T20:20:08","slug":"m-abdelkader-bengrina-au-forum-del-wassat-je-suis-le-candidat-du-peuple","status":"publish","type":"post","link":"https:\/\/linitiative.ca\/International\/m-abdelkader-bengrina-au-forum-del-wassat-je-suis-le-candidat-du-peuple\/","title":{"rendered":"M. Abdelkader Bengrina, au forum D\u2019EL WASSAT : \u00ab Je suis le candidat  du peuple \u00bb"},"content":{"rendered":"<p>Le forum hebdomadaire du quotidien arabophone El Wassat a accueilli, hier, Abdelkader Bengrina, pr\u00e9sident du Mouvement El Bina et candidat \u00e0 la pr\u00e9sidentielle du 12 d\u00e9cembre 2019. Visiblement en campagne \u00e9lectorale avant l\u2019heure, il s\u2019est autoris\u00e9 \u00e0 d\u00e9cliner quelques promesses qui sont revenues comme un leitmotiv. On note son intention \u00e0 combattre la corruption, et surtout de parachever les revendications du HIRAK.<br \/>A l\u2019entame de son expos\u00e9, M. Bengrina a d\u00e9clar\u00e9 qu\u2019il s\u2019est pr\u00e9sent\u00e9 \u00e0 cette \u00e9lection avec conviction, qu\u2019il s\u2019honore d\u2019\u00eatre le \u00ab candidat du peuple \u00bb. Pour lui, il y a un avant-22 f\u00e9vrier 2019 et un apr\u00e8s-22 f\u00e9vrier 2019. Le HIRAK, qu\u2019il a d\u2019embl\u00e9e soutenu, selon ses dires, a banni la l\u00e9gitimit\u00e9 r\u00e9volutionnaire pour instaurer celle des gens n\u00e9s apr\u00e8s l\u2019Ind\u00e9pendance. Il pr\u00e9cise qu\u2019il n\u2019est pas le candidat du Mouvement El Bina mais celui du peuple. Bengrina a insist\u00e9 sur la tenue de l\u2019\u00e9lection pr\u00e9sidentielle, le 12 d\u00e9cembre 2019, qui demeure un passage oblig\u00e9, le seul recours et un moindre mal pour sortir le pays de l\u2019impasse politique dans laquelle il se d\u00e9bat.<br \/>Il propose aux autres candidats en lice la signature d\u2019un pacte de confiance pour couper court \u00e0 toute vell\u00e9it\u00e9 de fraude ou de tricherie, et plaide pour une convergence des bonnes volont\u00e9s pour \u00e9difier une Alg\u00e9rie nouvelle.<br \/>Bengrina insiste sur la n\u00e9cessit\u00e9 d\u2019avoir un pr\u00e9sident \u00e9lu. A ceux qui refusent de s\u2019inscrire dans cette optique de sortie de crise, il r\u00e9torque qu\u2019ils sont libres de le faire, car chacun est en droit de d\u00e9fendre sa feuille de route. \u00ab Ceux qui s\u2019opposent \u00e0 la tenue de cette pr\u00e9sidentielle sont nos fr\u00e8res\u00bb, a-t-il dit. L\u2019orateur a indiqu\u00e9 que son programme est soumis \u00e0 la critique, \u00e0 un enrichissement de la part de l\u2019\u00e9lite, et que des \u00e9chos positifs lui sont r\u00e9serv\u00e9s. Sur un ton \u00e0 la fois ironique et allusif, il s\u2019en est pris \u00e0 certains candidats, coupables, semble-t-il, de lui subtiliser des id\u00e9es de son programme. \u00ab C\u2019est tout de m\u00eame \u00e9trange, nous avions d\u00e9clar\u00e9 que nous reverrions \u00e0 la baisse l\u2019IRG, un candidat nous a entendus\u00bb. Et d\u2019ass\u00e9ner: \u00ab Il ne reste que le cong\u00e9 de maternit\u00e9 qui n\u2019a pas \u00e9t\u00e9 pris\u00bb, a-t-il observ\u00e9. A vrai dire, Bengrina vient de lancer la premi\u00e8re pol\u00e9mique de pr\u00e9campagne.<br \/>Toutefois et au regard de ce qu\u2019il a avanc\u00e9 hier, on pense d\u00e9celer, \u00e0 la limite, trois axes fondamentaux \u00e0 savoir, celui relatif \u00e0 la n\u00e9cessit\u00e9 de r\u00e9viser en profondeur la Constitution, le deuxi\u00e8me concerne l\u2019application de mesures drastiques pour permettre un r\u00e9el d\u00e9collage \u00e9conomique du pays, et le troisi\u00e8me axe touche \u00e0 la politique internationale qui ne privil\u00e9gie que les seuls int\u00e9r\u00eats de l\u2019Alg\u00e9rie.<br \/>Se saisissant de l\u2019occasion qui lui est offerte, l\u2019orateur n\u2019a pas h\u00e9sit\u00e9 \u00e0 brocarder le Gouvernement Bedoui, cens\u00e9 g\u00e9rer les affaires courantes, mais qui prend des initiatives trop importantes, comme par exemple la loi sur les hydrocarbures ou les prochaines Assises sur la retraite. Il avance des chiffres assez sombres sur notre situation \u00e9conomique, note un tr\u00e8s faible taux de croissance de 0,3 %, que l\u2019Etat est incapable de r\u00e9pondre aux besoins des jeunes en mati\u00e8re d\u2019embauche, que le ch\u00f4mage des jeunes avoisine les 30 %. Sur ses possibles soutiens, bien que demeur\u00e9 trop \u00e9vasif, l\u2019ancien ministre du Tourisme lorgne du c\u00f4t\u00e9 d\u2019autres formations politiques, en particulier celles issues du courant islamiste, pour requ\u00e9rir leur appui. \u00abNous sommes favorables \u00e0 toute aide \u00e0 notre candidature\u00bb, assure-t-il.<br \/>\u00a0M. B.<\/p>\n<p>Auteur: elmoudjahid<br \/>\n<a href=\"http:\/\/www.elmoudjahid.com\/fr\/actualites\/144347\">Cliquez ici pour lire l&rsquo;article depuis sa source.<\/a><\/p>\n","protected":false},"excerpt":{"rendered":"<p>Le forum hebdomadaire du quotidien arabophone El Wassat a accueilli, hier, Abdelkader Bengrina, pr\u00e9sident du Mouvement El Bina et candidat \u00e0 la pr\u00e9sidentielle du 12 d\u00e9cembre 2019. Visiblement en campagne \u00e9lectorale avant l\u2019heure, il s\u2019est autoris\u00e9 \u00e0 d\u00e9cliner quelques promesses qui sont revenues comme un leitmotiv. On note son intention \u00e0 combattre la corruption, et [&hellip;]<\/p>\n","protected":false},"author":1744,"featured_media":0,"comment_status":"closed","ping_status":"closed","sticky":false,"template":"","format":"standard","meta":{"fifu_image_url":"","fifu_image_alt":"","footnotes":""},"categories":[73,53],"tags":[],"class_list":["post-67067","post","type-post","status-publish","format-standard","hentry","category-actualite","category-algerie"],"_links":{"self":[{"href":"https:\/\/linitiative.ca\/International\/wp-json\/wp\/v2\/posts\/67067","targetHints":{"allow":["GET"]}}],"collection":[{"href":"https:\/\/linitiative.ca\/International\/wp-json\/wp\/v2\/posts"}],"about":[{"href":"https:\/\/linitiative.ca\/International\/wp-json\/wp\/v2\/types\/post"}],"author":[{"embeddable":true,"href":"https:\/\/linitiative.ca\/International\/wp-json\/wp\/v2\/users\/1744"}],"replies":[{"embeddable":true,"href":"https:\/\/linitiative.ca\/International\/wp-json\/wp\/v2\/comments?post=67067"}],"version-history":[{"count":0,"href":"https:\/\/linitiative.ca\/International\/wp-json\/wp\/v2\/posts\/67067\/revisions"}],"wp:attachment":[{"href":"https:\/\/linitiative.ca\/International\/wp-json\/wp\/v2\/media?parent=67067"}],"wp:term":[{"taxonomy":"category","embeddable":true,"href":"https:\/\/linitiative.ca\/International\/wp-json\/wp\/v2\/categories?post=67067"},{"taxonomy":"post_tag","embeddable":true,"href":"https:\/\/linitiative.ca\/International\/wp-json\/wp\/v2\/tags?post=67067"}],"curies":[{"name":"wp","href":"https:\/\/api.w.org\/{rel}","templated":true}]}}