{"id":67068,"date":"2019-11-10T05:50:28","date_gmt":"2019-11-10T10:50:28","guid":{"rendered":"https:\/\/linitiative.ca\/International\/97213-equipe-nationale-de-football-une-premiere-pour-spano-rahou-halaimia-et-zorgane\/"},"modified":"2019-11-10T05:50:28","modified_gmt":"2019-11-10T10:50:28","slug":"97213-equipe-nationale-de-football-une-premiere-pour-spano-rahou-halaimia-et-zorgane","status":"publish","type":"post","link":"https:\/\/linitiative.ca\/International\/97213-equipe-nationale-de-football-une-premiere-pour-spano-rahou-halaimia-et-zorgane\/","title":{"rendered":"Eliminatoires CAN 2021: une premi\u00e8re pour Spano-Rahou, Halaimia et Zorgane en \u00e9quipe nationale"},"content":{"rendered":"<div readability=\"38\">\n<p><strong>ALGER &#8211; Le s\u00e9lectionneur de l\u2019\u00e9quipe nationale de football, Djamel Belmadi, a d\u00e9voil\u00e9 dimanche une liste de 23 joueurs en vue des deux premi\u00e8res journ\u00e9es des \u00e9liminatoires de la Coupe d&rsquo;Afrique des nations 2021 (CAN-2021), face \u00e0 la Zambie le 14 novembre \u00e0 Blida et au Botswana le 18 du m\u00eame mois \u00e0 Gaborone.<\/strong><\/p>\n<\/div>\n<div readability=\"92\">\n<p>Cette liste, publi\u00e9e par la F\u00e9d\u00e9ration alg\u00e9rienne de football (FAF), est marqu\u00e9e par la convocation pour la premi\u00e8re fois de trois nouveaux noms. Il s&rsquo;agit de Maxime Spano-Rahou (FC Valenciennes\/France), R\u00e9da Halaimia (K Beerschot VA\/Belgique) et Adam Zorgane (Paradou AC).<\/p>\n<p>A noter le retour en s\u00e9lection de l&rsquo;attaquant Hillel Soudani (Olympiakos\/Gr\u00e8ce), \u00e9cart\u00e9 pendant\u00a0 plusieurs mois apr\u00e8s une grave blessure au genou.<\/p>\n<p>Aussi, Haris Belkebla, renvoy\u00e9 de l\u2019\u00e9quipe et priv\u00e9 de CAN-2019 pour des raisons disciplinaires \u00e0 quelques jours du coup d&rsquo;envoi de la comp\u00e9tition, a \u00e9t\u00e9 rappel\u00e9 par Belmadi.<\/p>\n<p>La surprise consiste en l&rsquo;absence du milieu de terrain Yacine Brahimi (Al-Rayyan SC\/Qatar) et \u00e0 un degr\u00e9 moindre d&rsquo;Hichem Boudaoui qui ne joue pas \u00e0 Nice (France). Adam Ounas (Nice), de retour de blessure, n&rsquo;a pas \u00e9t\u00e9 non plus convoqu\u00e9.<\/p>\n<p>Face \u00e0 la Zambie et au Botswana, il s&rsquo;agit des premiers matchs officiels des \u00ab\u00a0Verts\u00a0\u00bb depuis leur cons\u00e9cration \u00e0 la derni\u00e8re CAN-2019 disput\u00e9e en Egypte.<\/p>\n<p><span class=\"c30\"><strong>Liste des 23 joueurs :<\/strong><\/span><\/p>\n<p>\u00a0\u00a0\u00a0\u00a0\u00a0\u00a0\u00a0\u00a0\u00a0\u00a0\u00a0 Gardiens de but : Rais M\u2019bolhi (Al-Ittifaq\/Arabie saoudite), Azzedine Doukha (Al-Raed\/Arabie saoudite), Alexandre Oukidja (FC Metz\/France).<\/p>\n<p>\u00a0\u00a0\u00a0\u00a0\u00a0\u00a0\u00a0\u00a0\u00a0\u00a0\u00a0 D\u00e9fenseurs : Djamel Benlameri (Al-Shabab\/Arabie saoudite), A\u00efssa Mandi (B\u00e9tis S\u00e9ville\/ Espagne), Maxime Spano-Rahou (FC Valenciennes\/France), Ramy Benseba\u00efni (Borussia Monchengladbach\/Allemagne), Mehdi Tahrat (Abha\/Arabie saoudite), Youcef Atal (Nice\/ France), Reda Halaimia (K Beerschot VA\/Belgique), Ayoub Abdellaoui (FC Sion\/Suisse).<\/p>\n<p>\u00a0\u00a0\u00a0\u00a0\u00a0\u00a0\u00a0\u00a0\u00a0\u00a0\u00a0 Milieux: Haris Belkebla (Stade brestois\/France), Adlene Guedioura (Al-Gharafa\/Qatar), Isma\u00efl Bennacer (Milan AC\/Italie), Mehdi Abeid (Nantes\/France), Sofiane Feghouli (Galatasaray\/ Turquie), Ryad Mahrez (Manchester City\/Angleterre).<\/p>\n<p>\u00a0\u00a0\u00a0\u00a0\u00a0\u00a0\u00a0\u00a0\u00a0\u00a0\u00a0 Attaquants: Adam Zorgane (Paradou AC), Islam Slimani (AS Monaco\/France), Andy Delort (Montpellier\/France), Hillel Soudani (Olympiakos\/Gr\u00e8ce), Baghdad Bounedjah (Al-Sadd\/Qatar), Youcef Bela\u00efli (Al-Ahly\/Arabie saoudite).<\/p>\n<\/div>\n<p>Auteur:<br \/>\n<a href=\"http:\/\/www.aps.dz\/sport\/97213-equipe-nationale-de-football-une-premiere-pour-spano-rahou-halaimia-et-zorgane?utm_source=feedburner&#038;utm_medium=feed&#038;utm_campaign=Feed%3A+aps-sport+%28APS+-+SPORT%29\">Cliquez ici pour lire l&rsquo;article depuis sa source.<\/a><\/p>\n","protected":false},"excerpt":{"rendered":"<p>ALGER &#8211; Le s\u00e9lectionneur de l\u2019\u00e9quipe nationale de football, Djamel Belmadi, a d\u00e9voil\u00e9 dimanche une liste de 23 joueurs en vue des deux premi\u00e8res journ\u00e9es des \u00e9liminatoires de la Coupe d&rsquo;Afrique des nations 2021 (CAN-2021), face \u00e0 la Zambie le 14 novembre \u00e0 Blida et au Botswana le 18 du m\u00eame mois \u00e0 Gaborone. Cette [&hellip;]<\/p>\n","protected":false},"author":1790,"featured_media":0,"comment_status":"closed","ping_status":"closed","sticky":false,"template":"","format":"standard","meta":{"fifu_image_url":"","fifu_image_alt":"","footnotes":""},"categories":[53,75],"tags":[],"class_list":["post-67068","post","type-post","status-publish","format-standard","hentry","category-algerie","category-sport"],"_links":{"self":[{"href":"https:\/\/linitiative.ca\/International\/wp-json\/wp\/v2\/posts\/67068","targetHints":{"allow":["GET"]}}],"collection":[{"href":"https:\/\/linitiative.ca\/International\/wp-json\/wp\/v2\/posts"}],"about":[{"href":"https:\/\/linitiative.ca\/International\/wp-json\/wp\/v2\/types\/post"}],"author":[{"embeddable":true,"href":"https:\/\/linitiative.ca\/International\/wp-json\/wp\/v2\/users\/1790"}],"replies":[{"embeddable":true,"href":"https:\/\/linitiative.ca\/International\/wp-json\/wp\/v2\/comments?post=67068"}],"version-history":[{"count":0,"href":"https:\/\/linitiative.ca\/International\/wp-json\/wp\/v2\/posts\/67068\/revisions"}],"wp:attachment":[{"href":"https:\/\/linitiative.ca\/International\/wp-json\/wp\/v2\/media?parent=67068"}],"wp:term":[{"taxonomy":"category","embeddable":true,"href":"https:\/\/linitiative.ca\/International\/wp-json\/wp\/v2\/categories?post=67068"},{"taxonomy":"post_tag","embeddable":true,"href":"https:\/\/linitiative.ca\/International\/wp-json\/wp\/v2\/tags?post=67068"}],"curies":[{"name":"wp","href":"https:\/\/api.w.org\/{rel}","templated":true}]}}