{"id":67070,"date":"2019-11-10T09:38:10","date_gmt":"2019-11-10T14:38:10","guid":{"rendered":"https:\/\/linitiative.ca\/International\/97229-para-athletisme-mondiaux-2019-l-algerie-provisoirement-5e-au-classement\/"},"modified":"2019-11-10T09:38:10","modified_gmt":"2019-11-10T14:38:10","slug":"97229-para-athletisme-mondiaux-2019-l-algerie-provisoirement-5e-au-classement","status":"publish","type":"post","link":"https:\/\/linitiative.ca\/International\/97229-para-athletisme-mondiaux-2019-l-algerie-provisoirement-5e-au-classement\/","title":{"rendered":"Para-athl\u00e9tisme\/Mondiaux-2019: l&rsquo;Alg\u00e9rie provisoirement 5e au classement"},"content":{"rendered":"<div readability=\"36\">\n<p><strong>DUBAI &#8211; L&rsquo;Alg\u00e9rie occupe provisoirement la 5e place au classement des Championnats du monde-2019 de para-athl\u00e9tisme de Duba\u00ef, apr\u00e8s trois journ\u00e9es de comp\u00e9tition avec un total de 8 m\u00e9dailles dont deux en or, remport\u00e9es par Nassima Sa\u00effi au disque (F56\/57) et Lahouari Bahlaz au club (F32).<\/strong><\/p>\n<\/div>\n<div readability=\"129.719088937\">\n<p>Avec 2 or, 4 argent et 2 bronze, l&rsquo;Alg\u00e9rie est devanc\u00e9e au classement par la Chine (8 or, 7 argent, 5 bronze), l&rsquo;Ukraine (4, 4, 4), le Br\u00e9sil (4, 2, 2) et la Finlande (3, 1, 0).<\/p>\n<p>Tr\u00e8s attendue pour le sacre, la championne du monde et paralympique en titre, Nassima Sa\u00effi n&rsquo;a laiss\u00e9 aucune chance \u00e0 ses adversaires d\u00e8s son premier essai, r\u00e9ussi \u00e0 35,36m, soit un nouveau record du monde dans une sp\u00e9cialit\u00e9 qu&rsquo;elle domine depuis 2011 et son premier sacre mondial \u00e0 Christchurch (Nouvelle-Z\u00e9lande).<\/p>\n<p>\u00ab\u00a0C&rsquo;\u00e9tait difficile car j&rsquo;avais une certaine pression sur mes \u00e9paules de peur de rater ma sortie dans un tel rendez-vous. En finale dans ce genre de concours, le premier essai est tr\u00e8s important, voire d\u00e9terminant pour la suite, et Dieu merci, je l&rsquo;ai r\u00e9ussi de la plus belle des mani\u00e8res avec \u00e0 la cl\u00e9 un nouveau record du monde de la sp\u00e9cialit\u00e9\u00a0\u00bb, s&rsquo;est r\u00e9jouie Sa\u00effi.<\/p>\n<p>Dans le m\u00eame concours, sa compatriote Safia Djelal a obtenu le bronze gr\u00e2ce \u00e0 ses 31,05m, r\u00e9ussis au 3e essai. La m\u00e9daille d&rsquo;argent du disque est revenue \u00e0 la Chinoise Xu Mian (31,49m).<\/p>\n<hr\/>\n<h3>Lire aussi:\u00a0<a href=\"http:\/\/www.aps.dz\/sport\/97201-para-athletisme-mondiaux-2019-nassima-saifi-offre-une-deuxieme-medaille-d-or-a-l-algerie\" target=\"_blank\" rel=\"noopener noreferrer\">Para-athl\u00e9tisme\/Mondiaux-2019 : Nassima Saifi offre une deuxi\u00e8me m\u00e9daille d&rsquo;or \u00e0 l&rsquo;Alg\u00e9rie<\/a><\/h3>\n<hr\/>\n<p>Avant elle, Lahouari Bahlaz avait montr\u00e9 la voie en d\u00e9crochant l&rsquo;or du concours du club (classe F32). L&rsquo;athl\u00e8te alg\u00e9rien a aussi assur\u00e9 son titre d\u00e8s le premier jet avec 33,89m.<\/p>\n<p>La surprise est venue du \u00ab\u00a0novice\u00a0\u00bb Walid Ferhah qui inaugure son palmar\u00e8s mondial avec un titre de vice-champion dans le m\u00eame concours (33,54m) pour ses premiers Championnats du monde. Il a r\u00e9ussi au passage \u00e0 am\u00e9liorer son record personnel du concours.<\/p>\n<p>\u00ab\u00a0Ce qui est tr\u00e8s positif pour cet athl\u00e8te, c&rsquo;est que pour sa premi\u00e8re participation \u00e0 des Mondiaux, il a r\u00e9ussi les six essais, chose qui n&rsquo;est pas facile \u00e0 faire pour un bapt\u00eame du feu, o\u00f9 la pression est \u00e0 son maximum. Il est nouveau et il a une marge tr\u00e8s importante de progression, ce qui nous laisse pr\u00e9sager d&rsquo;un avenir radieux pour Ferhah\u00a0\u00bb, a expliqu\u00e9 le Directeur technique national (DTN), Mokhtar Gouasmi.<\/p>\n<p>L&rsquo;autre Alg\u00e9rien engag\u00e9 dans le concours, Ahmed Mehideb, a pris la 7e position avec 28,34m.<\/p>\n<hr\/>\n<h3>Lire aussi:\u00a0<a href=\"http:\/\/www.aps.dz\/sport\/97174-para-athletisme-mondiaux-2019-3e-j-bahlaz-offre-a-l-algerie-la-1e-medaille-d-or\" target=\"_blank\" rel=\"noopener noreferrer\">Para-athl\u00e9tisme\/Mondiaux-2019 (3e j): Bahlaz offre \u00e0 l&rsquo;Alg\u00e9rie la 1e m\u00e9daille d&rsquo;or<\/a><\/h3>\n<hr\/>\n<p>Les quatre m\u00e9dailles alg\u00e9riennes (2 or, 1 argent et 1 bronze) de samedi sont venues s&rsquo;ajouter \u00e0 celles remport\u00e9es lors des journ\u00e9es pr\u00e9c\u00e9dentes, avec l&rsquo;argent de Mounia Gasmi (Club\/F32), Lynda Hamri (Longueur T12) et Sid Ali Bouzourine (800m\/T36), et le bronze de l&rsquo;ex-champion du monde <strong><a href=\"http:\/\/www.aps.dz\/sport\/97039-para-athletisme-abdellatif-baka-selectionne-pour-promouvoir-les-objectifs-de-developpement-durable\" target=\"_blank\" rel=\"noopener noreferrer\">Abdellatif Baka<\/a><\/strong> qui a \u00e9t\u00e9 d\u00e9chu de son titre du 1500m, classe T13.<\/p>\n<p>Si les Mondiaux-2019 ont souri pour l&rsquo;instant \u00e0 certains athl\u00e8tes alg\u00e9riens, d&rsquo;autres ont eu du mal \u00e0 s&rsquo;affirmer, \u00e0 l&rsquo;instar de Hamdi Sofiane qui n&rsquo;aura pas la chance de d\u00e9fendre son titre de vice-champion du monde du 400m (T37), acquis en 2017, puisqu&rsquo;il n&rsquo;a m\u00eame pas pu se qualifier en finale de l&rsquo;\u00e9preuve samedi, en se contentant de la 6e et derni\u00e8re place en s\u00e9ries (1:09.05).<\/p>\n<p>Les autres d\u00e9ceptions sont venues, en premier lieu, du champion paralympique en titre et vice-champion du monde du 1500m (T46), Samir Nouioua qui a \u00e9chou\u00e9 dans sa course, se classant 9e sur 15 concurrents avec un chrono de 4:04.68. Son compatriote Mohamed Berrahal a fait pire en se faisant disqualifier apr\u00e8s l&rsquo;arriv\u00e9e de la finale du 100m (classe T51), alors que Mourad Bachir s&rsquo;est content\u00e9 d&rsquo;une 6e position au poids (F55) avec un lancer \u00e0 10,80m.<\/p>\n<p>La participation alg\u00e9rienne se poursuivra lundi avec, au programme, Gasmi Mounia qui concourra en finale du lancer de poids (F32), Benallou Bakhta (finale du javelot F12\/13) et Boukoufa Achoura (finale du javelot\/F46).<\/p>\n<\/div>\n<p>Auteur:<br \/>\n<a href=\"http:\/\/www.aps.dz\/sport\/97229-para-athletisme-mondiaux-2019-l-algerie-provisoirement-5e-au-classement?utm_source=feedburner&#038;utm_medium=feed&#038;utm_campaign=Feed%3A+aps-sport+%28APS+-+SPORT%29\">Cliquez ici pour lire l&rsquo;article depuis sa source.<\/a><\/p>\n","protected":false},"excerpt":{"rendered":"<p>DUBAI &#8211; L&rsquo;Alg\u00e9rie occupe provisoirement la 5e place au classement des Championnats du monde-2019 de para-athl\u00e9tisme de Duba\u00ef, apr\u00e8s trois journ\u00e9es de comp\u00e9tition avec un total de 8 m\u00e9dailles dont deux en or, remport\u00e9es par Nassima Sa\u00effi au disque (F56\/57) et Lahouari Bahlaz au club (F32). Avec 2 or, 4 argent et 2 bronze, l&rsquo;Alg\u00e9rie [&hellip;]<\/p>\n","protected":false},"author":1790,"featured_media":0,"comment_status":"closed","ping_status":"closed","sticky":false,"template":"","format":"standard","meta":{"fifu_image_url":"","fifu_image_alt":"","footnotes":""},"categories":[53,75],"tags":[],"class_list":["post-67070","post","type-post","status-publish","format-standard","hentry","category-algerie","category-sport"],"_links":{"self":[{"href":"https:\/\/linitiative.ca\/International\/wp-json\/wp\/v2\/posts\/67070","targetHints":{"allow":["GET"]}}],"collection":[{"href":"https:\/\/linitiative.ca\/International\/wp-json\/wp\/v2\/posts"}],"about":[{"href":"https:\/\/linitiative.ca\/International\/wp-json\/wp\/v2\/types\/post"}],"author":[{"embeddable":true,"href":"https:\/\/linitiative.ca\/International\/wp-json\/wp\/v2\/users\/1790"}],"replies":[{"embeddable":true,"href":"https:\/\/linitiative.ca\/International\/wp-json\/wp\/v2\/comments?post=67070"}],"version-history":[{"count":0,"href":"https:\/\/linitiative.ca\/International\/wp-json\/wp\/v2\/posts\/67070\/revisions"}],"wp:attachment":[{"href":"https:\/\/linitiative.ca\/International\/wp-json\/wp\/v2\/media?parent=67070"}],"wp:term":[{"taxonomy":"category","embeddable":true,"href":"https:\/\/linitiative.ca\/International\/wp-json\/wp\/v2\/categories?post=67070"},{"taxonomy":"post_tag","embeddable":true,"href":"https:\/\/linitiative.ca\/International\/wp-json\/wp\/v2\/tags?post=67070"}],"curies":[{"name":"wp","href":"https:\/\/api.w.org\/{rel}","templated":true}]}}