{"id":67074,"date":"2019-11-10T11:31:00","date_gmt":"2019-11-10T16:31:00","guid":{"rendered":"https:\/\/linitiative.ca\/International\/telagh-sidi-bel-abbes-la-liste-des-616-beneficiaires-de-logements-bien-accueillie\/"},"modified":"2019-11-10T11:31:00","modified_gmt":"2019-11-10T16:31:00","slug":"telagh-sidi-bel-abbes-la-liste-des-616-beneficiaires-de-logements-bien-accueillie","status":"publish","type":"post","link":"https:\/\/linitiative.ca\/International\/telagh-sidi-bel-abbes-la-liste-des-616-beneficiaires-de-logements-bien-accueillie\/","title":{"rendered":"TELAGH (SIDI BEL ABBES) : La liste des 616 b\u00e9n\u00e9ficiaires de logements bien accueillie"},"content":{"rendered":"<p><br id=\"sep_para_1\" class=\"sep_para access\"\/><\/p>\n<div id=\"para_1\" class=\"para_33897612 resize\">\n<div class=\"texte access firstletter\">Mercredi dernier, la ville de T\u00e9lagh ,50 km au sud de Sidi Bel Abb\u00e8s a v\u00e9cu une atmosph\u00e8re festive, suite \u00e0 l&rsquo;affichage de la liste nominative des b\u00e9n\u00e9ficiaires d&rsquo;un quota de 616 logements sociaux qui a \u00e9t\u00e9 joyeusement accueillie par la majeure partie de la population l&rsquo; ayant jug\u00e9e \u00e9quitable, du fait que les heureux b\u00e9n\u00e9ficiaires seraient consid\u00e9r\u00e9s comme de v\u00e9ritables n\u00e9cessiteux, issus des couches sociales d\u00e9favoris\u00e9es. Dans le but d&rsquo;\u00e9viter des d\u00e9bordements et autres rassemblements, les services de la Da\u00efra et de l\u2019APC, ont,\u00a0 en effet, et d\u00e9s le lever du jour, placard\u00e9 ces listes dans divers endroits de la ville. N\u00e9anmoins, certains\u00a0 postulants n&rsquo;ayant pas eu la chance d&rsquo;en b\u00e9n\u00e9ficier, n&rsquo;ont pas manqu\u00e9 d&rsquo;exprimer leur d\u00e9sapprobation. Sollicit\u00e9 pour d&rsquo;amples renseignements, le maire a tenu \u00e0 pr\u00e9ciser qu&rsquo;un autre quota de 250 unit\u00e9s est en cours de r\u00e9alisation et dont 50, qui font l&rsquo;objet d&rsquo;une cadence de travaux acc\u00e9l\u00e9r\u00e9e, ayant\u00a0 d\u00e9pass\u00e9 le\u00a0 taux d&rsquo;avancement de plus de 80%, seraient bient\u00f4t attribu\u00e9es. \u00a0\u00bbLa voie des recours \u00e9tant toujours mise en vigueur, reste bien s\u00fbr, ouverte\u00a0\u00bb, a-t-il lanc\u00e9 au bout du fil.\u00a0\u00a0\u00a0\u00a0\u00a0\u00a0\u00a0\u00a0\u00a0\u00a0\u00a0\u00a0<\/div>\n<\/div>\n<p>Auteur: N.Moussa<br \/>\n<a href=\"https:\/\/www.reflexiondz.net\/TELAGH-SIDI-BEL-ABBES-La-liste-des-616-beneficiaires-de-logements-bien-accueillie_a58708.html\">Cliquez ici pour lire l&rsquo;article depuis sa source.<\/a><\/p>\n","protected":false},"excerpt":{"rendered":"<p>Mercredi dernier, la ville de T\u00e9lagh ,50 km au sud de Sidi Bel Abb\u00e8s a v\u00e9cu une atmosph\u00e8re festive, suite \u00e0 l&rsquo;affichage de la liste nominative des b\u00e9n\u00e9ficiaires d&rsquo;un quota de 616 logements sociaux qui a \u00e9t\u00e9 joyeusement accueillie par la majeure partie de la population l&rsquo; ayant jug\u00e9e \u00e9quitable, du fait que les heureux [&hellip;]<\/p>\n","protected":false},"author":1740,"featured_media":0,"comment_status":"closed","ping_status":"closed","sticky":false,"template":"","format":"standard","meta":{"fifu_image_url":"","fifu_image_alt":"","footnotes":""},"categories":[53,76],"tags":[],"class_list":["post-67074","post","type-post","status-publish","format-standard","hentry","category-algerie","category-regions"],"_links":{"self":[{"href":"https:\/\/linitiative.ca\/International\/wp-json\/wp\/v2\/posts\/67074","targetHints":{"allow":["GET"]}}],"collection":[{"href":"https:\/\/linitiative.ca\/International\/wp-json\/wp\/v2\/posts"}],"about":[{"href":"https:\/\/linitiative.ca\/International\/wp-json\/wp\/v2\/types\/post"}],"author":[{"embeddable":true,"href":"https:\/\/linitiative.ca\/International\/wp-json\/wp\/v2\/users\/1740"}],"replies":[{"embeddable":true,"href":"https:\/\/linitiative.ca\/International\/wp-json\/wp\/v2\/comments?post=67074"}],"version-history":[{"count":0,"href":"https:\/\/linitiative.ca\/International\/wp-json\/wp\/v2\/posts\/67074\/revisions"}],"wp:attachment":[{"href":"https:\/\/linitiative.ca\/International\/wp-json\/wp\/v2\/media?parent=67074"}],"wp:term":[{"taxonomy":"category","embeddable":true,"href":"https:\/\/linitiative.ca\/International\/wp-json\/wp\/v2\/categories?post=67074"},{"taxonomy":"post_tag","embeddable":true,"href":"https:\/\/linitiative.ca\/International\/wp-json\/wp\/v2\/tags?post=67074"}],"curies":[{"name":"wp","href":"https:\/\/api.w.org\/{rel}","templated":true}]}}