{"id":67076,"date":"2019-11-10T11:42:00","date_gmt":"2019-11-10T16:42:00","guid":{"rendered":"https:\/\/linitiative.ca\/International\/le-msp-ne-soutiendra-pas-le-candidat-bengrina\/"},"modified":"2019-11-10T11:42:00","modified_gmt":"2019-11-10T16:42:00","slug":"le-msp-ne-soutiendra-pas-le-candidat-bengrina","status":"publish","type":"post","link":"https:\/\/linitiative.ca\/International\/le-msp-ne-soutiendra-pas-le-candidat-bengrina\/","title":{"rendered":"Le MSP ne soutiendra pas le candidat Bengrina"},"content":{"rendered":"<p><br id=\"sep_para_1\" class=\"sep_para access\"\/><\/p>\n<div id=\"para_1\" class=\"para_33897795 resize\">\n<div class=\"texte access firstletter\">Le pr\u00e9sident du MSP, Abderezak Makri, a indiqu\u00e9 dans un entretien exclusif \u00e0 la cha\u00eene El Hayet Tv qu\u2019il ne soutiendrait pas le candidat islamiste Bengrina, car il a fait partie du r\u00e9gime de Bouteflika, pr\u00e9cisant que le seul candidat qui a fait l\u2019opposition \u00e9tait Benflis, m\u00eame si dans le pass\u00e9 il a fait partie du r\u00e9gime. Le patron du MSP a affirm\u00e9 encore qu\u2019aucune consigne de vote n\u2019a \u00e9t\u00e9 donn\u00e9e aux militants du parti pour voter en faveur d\u2019un candidat ou d\u2019un autre et qu\u2019il faudrait attendre les derniers jours de la campagne.\u00a0 Pour rappel, Abdelkader Bengrina qui \u00e9tait membre du MSP a quitt\u00e9 le parti et a fond\u00e9 son parti El Bina emmenant avec lui plusieurs cadres du parti MSP dont Ahmed Dane qui est devenu le directeur de campagne de Bengrina pour cette pr\u00e9sidentielle.<\/div>\n<\/div>\n<p>Auteur: R\u00e9flexion<br \/>\n<a href=\"https:\/\/www.reflexiondz.net\/Le-MSP-ne-soutiendra-pas-le-candidat-Bengrina_a58726.html\">Cliquez ici pour lire l&rsquo;article depuis sa source.<\/a><\/p>\n","protected":false},"excerpt":{"rendered":"<p>Le pr\u00e9sident du MSP, Abderezak Makri, a indiqu\u00e9 dans un entretien exclusif \u00e0 la cha\u00eene El Hayet Tv qu\u2019il ne soutiendrait pas le candidat islamiste Bengrina, car il a fait partie du r\u00e9gime de Bouteflika, pr\u00e9cisant que le seul candidat qui a fait l\u2019opposition \u00e9tait Benflis, m\u00eame si dans le pass\u00e9 il a fait partie [&hellip;]<\/p>\n","protected":false},"author":1740,"featured_media":0,"comment_status":"closed","ping_status":"closed","sticky":false,"template":"","format":"standard","meta":{"fifu_image_url":"","fifu_image_alt":"","footnotes":""},"categories":[53,76],"tags":[],"class_list":["post-67076","post","type-post","status-publish","format-standard","hentry","category-algerie","category-regions"],"_links":{"self":[{"href":"https:\/\/linitiative.ca\/International\/wp-json\/wp\/v2\/posts\/67076","targetHints":{"allow":["GET"]}}],"collection":[{"href":"https:\/\/linitiative.ca\/International\/wp-json\/wp\/v2\/posts"}],"about":[{"href":"https:\/\/linitiative.ca\/International\/wp-json\/wp\/v2\/types\/post"}],"author":[{"embeddable":true,"href":"https:\/\/linitiative.ca\/International\/wp-json\/wp\/v2\/users\/1740"}],"replies":[{"embeddable":true,"href":"https:\/\/linitiative.ca\/International\/wp-json\/wp\/v2\/comments?post=67076"}],"version-history":[{"count":0,"href":"https:\/\/linitiative.ca\/International\/wp-json\/wp\/v2\/posts\/67076\/revisions"}],"wp:attachment":[{"href":"https:\/\/linitiative.ca\/International\/wp-json\/wp\/v2\/media?parent=67076"}],"wp:term":[{"taxonomy":"category","embeddable":true,"href":"https:\/\/linitiative.ca\/International\/wp-json\/wp\/v2\/categories?post=67076"},{"taxonomy":"post_tag","embeddable":true,"href":"https:\/\/linitiative.ca\/International\/wp-json\/wp\/v2\/tags?post=67076"}],"curies":[{"name":"wp","href":"https:\/\/api.w.org\/{rel}","templated":true}]}}