{"id":67077,"date":"2019-11-10T14:05:00","date_gmt":"2019-11-10T19:05:00","guid":{"rendered":"https:\/\/linitiative.ca\/International\/entre-tebboune-et-benflis-je-choisis\/"},"modified":"2019-11-10T14:05:00","modified_gmt":"2019-11-10T19:05:00","slug":"entre-tebboune-et-benflis-je-choisis","status":"publish","type":"post","link":"https:\/\/linitiative.ca\/International\/entre-tebboune-et-benflis-je-choisis\/","title":{"rendered":"Entre Tebboune et Benflis, je choisis ..!"},"content":{"rendered":"<p><br id=\"sep_para_1\" class=\"sep_para access\"\/><\/p>\n<div id=\"para_1\" class=\"para_33899682 resize\">\n<div class=\"photo shadow left\"><a href=\"javascript:void(0)\" rel=\"https:\/\/www.reflexiondz.net\/photo\/art\/grande\/39348922-33899682.jpg?v=1573413769&#038;ibox\" title=\"Entre Tebboune et Benflis, je choisis ..!\"><img decoding=\"async\" class=\"responsive c9\" src=\"https:\/\/www.reflexiondz.net\/photo\/art\/grande\/39348922-33899682.jpg?v=1573413769\" alt=\"Entre Tebboune et Benflis, je choisis ..!\" title=\"Entre Tebboune et Benflis, je choisis ..!\"\/><img decoding=\"async\" class=\"not-responsive\" src=\"https:\/\/www.reflexiondz.net\/photo\/art\/default\/39348922-33899682.jpg?v=1573413770\" alt=\"Entre Tebboune et Benflis, je choisis ..!\" title=\"Entre Tebboune et Benflis, je choisis ..!\"\/><\/a><\/div>\n<div class=\"texte access firstletter\">Encore une fois, je m\u2019int\u00e9resse quand m\u00eame \u00e0 la guerre m\u00e9diatique des candidats \u00e0 la Pr\u00e9sidentielle en Alg\u00e9rie. J\u2019ai d\u2019ailleurs bien enregistr\u00e9 les deux curieux flashs de la t\u00e9l\u00e9vision, annon\u00e7ant d\u2019importants discours des deux pr\u00e9sidentiables, Tebboune et Benflis. Ils doivent \u00eatre particuli\u00e8rement importants en cette\u00a0 soir\u00e9e du jeudi 07 novembre 2019.<br \/>La rumeur se propage comme une tra\u00een\u00e9e de poudre, les regards se figent, les oreilles se tendent, les chuchotements sur les places publiques remplacent les longs silences de fin de journ\u00e9e. Quelque chose se pr\u00e9pare, mais quoi ?<br \/>\u00a0Le soir, je m\u2019installe dans mon fauteuil pr\u00e8s du poste de t\u00e9l\u00e9vision qui diffuse quelques spots publicitaires encore plus d\u00e9goutants, que ces programmes d\u00e9pass\u00e9s coutumiers au copi\u00e9- coll\u00e9. Press\u00e9 de voir les t\u00eates de ceux qui veulent nous gouverner, je commence \u00e0 nettoyer mes lunettes de vue offertes par mon ami opticien, pour bien voir leurs visages et d\u00e9chiffrer surtout, leurs promesses, qui se cachent derri\u00e8re leurs sourires pris\u00e9s.<br \/>\u00a0L\u2019ancien premier ministre, Tebboune, en profil de victime du clan de Sa\u00efd Bouteflika, ne tardera pas \u00e0 envahir le plateau de la t\u00e9l\u00e9vision, cette m\u00eame boite qui a applaudi, il y\u2019a quelques mois, le cinqui\u00e8me mandat, \u2018\u2019le roi est mort, vive le roi\u2019\u2019 de quoi je me m\u00eale,\u2019\u2019 business Is business\u2019\u2019. \u00a0<br \/>Bien costum\u00e9, avec son sourire diplomatique \u00e0 l\u2019image d\u2019un chef de gouvernement en sursis, Abdelmadjid Tebboune, crie haut et fort : je suis un \u2018\u2019novembriste\u2019\u2019 qui ne s\u2019alliera jamais avec les inf\u00e9od\u00e9s des institutions \u00e9trang\u00e8res, avant de r\u00e9sumer son programme \u00e9lectoral, en 54 engagements \u00e9lectoraux, affirmant, qu\u2019il n\u2019acceptera aucune alliance avec un candidat, soumis aux officines \u00e9trang\u00e8res, et qu\u2019il continuera sa guerre contre\u00a0 la bande et ses r\u00e9sidus avant de lancer un os aux pauvres d\u00e9munis, promettant d\u2019exon\u00e9rer les imp\u00f4ts des travailleurs qui touchent des salaires de moins de 30000 DA ! Des fl\u00e8ches empoisonn\u00e9es en direction de certains candidats et une drague \u00e0 la famille r\u00e9volutionnaire\u2026<br \/>L\u2019ancien premier ministre, ancien directeur de campagne de Bouteflika, Ali Benflis, chass\u00e9 du pouvoir pour avoir os\u00e9 rivaliser l\u2019ancien Rais, avec son costume bleu et sa cravate rouge, qui ne lui a jamais porter bonheur durant les pr\u00e9c\u00e9dentes \u00e9lections pr\u00e9sidentielles, revient lui aussi devant les cam\u00e9ras pour confirmer son passage \u00e0 la Mouradia, un passage qu\u2019il croit facile sans son fameux concurrent Bouteflika !\u00a0 Ali Benflis, bien dans sa peau cette fois-ci, avec un sourire d\u2019espoir, promet la dissolution de l\u2019APN et la transformation du S\u00e9nat, supprimer le s\u00e9nat dans sa configuration actuelle pour le remplacer par \u00ab le Conseil sup\u00e9rieur des territoires \u00bb, assurant \u00e9galement que le Conseil constitutionnel qui deviendra Cour Constitutionnelle dont son pr\u00e9sident sera \u00e9lu par ses pairs ! Un discours qui r\u00e9v\u00e8le le profil d\u2019un magistrat qui annonce une reforme dans les institutions juridiques\u2026\u00a0 \u00a0<br \/>Je ne peux juger de l\u2019efficacit\u00e9 de tel ou tel programme des candidats, car la campagne \u00e9lectorale\u00a0 ne peut pas \u00eatre uniquement regard\u00e9e par les \u00ab yeux \u00bb d\u2019un autre, c\u2019est le peuple seul qui d\u00e9cidera le jour J pour qui il va voter ?<\/div>\n<\/div>\n<p>Auteur: B. Belkacem<br \/>\n<a href=\"https:\/\/www.reflexiondz.net\/Entre-Tebboune-et-Benflis-je-choisis-_a58728.html\">Cliquez ici pour lire l&rsquo;article depuis sa source.<\/a><\/p>\n","protected":false},"excerpt":{"rendered":"<p>Encore une fois, je m\u2019int\u00e9resse quand m\u00eame \u00e0 la guerre m\u00e9diatique des candidats \u00e0 la Pr\u00e9sidentielle en Alg\u00e9rie. J\u2019ai d\u2019ailleurs bien enregistr\u00e9 les deux curieux flashs de la t\u00e9l\u00e9vision, annon\u00e7ant d\u2019importants discours des deux pr\u00e9sidentiables, Tebboune et Benflis. Ils doivent \u00eatre particuli\u00e8rement importants en cette\u00a0 soir\u00e9e du jeudi 07 novembre 2019.La rumeur se propage comme [&hellip;]<\/p>\n","protected":false},"author":1740,"featured_media":0,"comment_status":"closed","ping_status":"closed","sticky":false,"template":"","format":"standard","meta":{"fifu_image_url":"","fifu_image_alt":"","footnotes":""},"categories":[53,76],"tags":[],"class_list":["post-67077","post","type-post","status-publish","format-standard","hentry","category-algerie","category-regions"],"_links":{"self":[{"href":"https:\/\/linitiative.ca\/International\/wp-json\/wp\/v2\/posts\/67077","targetHints":{"allow":["GET"]}}],"collection":[{"href":"https:\/\/linitiative.ca\/International\/wp-json\/wp\/v2\/posts"}],"about":[{"href":"https:\/\/linitiative.ca\/International\/wp-json\/wp\/v2\/types\/post"}],"author":[{"embeddable":true,"href":"https:\/\/linitiative.ca\/International\/wp-json\/wp\/v2\/users\/1740"}],"replies":[{"embeddable":true,"href":"https:\/\/linitiative.ca\/International\/wp-json\/wp\/v2\/comments?post=67077"}],"version-history":[{"count":0,"href":"https:\/\/linitiative.ca\/International\/wp-json\/wp\/v2\/posts\/67077\/revisions"}],"wp:attachment":[{"href":"https:\/\/linitiative.ca\/International\/wp-json\/wp\/v2\/media?parent=67077"}],"wp:term":[{"taxonomy":"category","embeddable":true,"href":"https:\/\/linitiative.ca\/International\/wp-json\/wp\/v2\/categories?post=67077"},{"taxonomy":"post_tag","embeddable":true,"href":"https:\/\/linitiative.ca\/International\/wp-json\/wp\/v2\/tags?post=67077"}],"curies":[{"name":"wp","href":"https:\/\/api.w.org\/{rel}","templated":true}]}}