{"id":67087,"date":"2019-11-10T05:00:00","date_gmt":"2019-11-10T10:00:00","guid":{"rendered":"https:\/\/linitiative.ca\/International\/le-parrain-sans-fard-ni-mythification\/"},"modified":"2019-11-10T05:00:00","modified_gmt":"2019-11-10T10:00:00","slug":"le-parrain-sans-fard-ni-mythification","status":"publish","type":"post","link":"https:\/\/linitiative.ca\/International\/le-parrain-sans-fard-ni-mythification\/","title":{"rendered":"Le parrain sans fard ni mythification"},"content":{"rendered":"<p>Corl\u00e9one, le parrain des parrains est le premier documentaire \u00e0 entrer en comp\u00e9tition dans cette dixi\u00e8me \u00e9dition du Festival international du cin\u00e9ma d\u2019Alger d\u00e9di\u00e9 au film engag\u00e9. Projet\u00e9 vendredi soir \u00e0 la salle Ibn Zeydoun, le film de Moscou Boucault restitue dans sa v\u00e9ritable dimension la figure de Toto Riina.\u00a0<br \/>\u00abLe respect\u00bb. Voil\u00e0 le mot qui pourrait tout expliquer de l\u2019\u00e9volution du parrain de la Cosa Nostra et de ses dizaines de lieutenants. Dans la Sicile mis\u00e9reuse et f\u00e9odale du d\u00e9but du XXe si\u00e8cle, les paysans servent quelques riches propri\u00e9taires terriens et survivent tant bien que mal. L\u2019un d\u2019eux \u00e9tait le p\u00e8re de Salvatore Riina qu\u2019il verra mourir, ainsi que son fr\u00e8re, alors qu\u2019il d\u00e9montait un obus am\u00e9ricain dans l\u2019espoir d\u2019en tirer quelque maigre profit. Etait-ce \u00e0 ce moment l\u00e0 que le jeune Toto s\u2019est mis \u00e0 ha\u00efr la pauvret\u00e9 et ch\u00e9rir le pouvoir et le gain facile ? Le documentaire de Mosco Boucault, d\u00e9j\u00e0 diffus\u00e9 en deux parties sur Arte, diss\u00e8que la fulgurante ascension du chef maffieux le plus c\u00e9l\u00e8bre de l\u2019Histoire, non sans avoir remont\u00e9 \u00e0 la gen\u00e8se de cette organisation s\u00e9culaire qui a ensanglant\u00e9 l\u2019Italie. Bien que de facture t\u00e9l\u00e9visuelle, Le parrain des parrains captive le regard et l\u2019esprit par la rigueur de sa documentation et la solidit\u00e9 de sa structure. Servi par une voix off fran\u00e7aise \u00e0 l\u2019accent italien, le film entreprend un travail minutieux multidimensionnel dans la mesure o\u00f9 il englobe \u00e0 la fois l\u2019investigation, l\u2019Histoire et la psychologie. Une trentaine de t\u00e9moins privil\u00e9gi\u00e9s d\u00e9filent devant la cam\u00e9ra pour raconter ces quatre d\u00e9cennies qui ont marqu\u00e9 la Sicile, et particuli\u00e8rement Palerme. En autopsiant le r\u00f4le \u00abstructurant\u00bb qu\u2019a eu la mafia au sein de la soci\u00e9t\u00e9 sicilienne durant les XIXe et d\u00e9but du XXe si\u00e8cle. Se substituant \u00e0 l\u2019Etat, le surpassant m\u00eame en mati\u00e8re de proximit\u00e9 et d\u2019efficacit\u00e9, elle est devenue peu \u00e0 peu un rep\u00e8re social, \u00e9conomique et politique incontournable. C\u2019est dans ce contexte-l\u00e0 que le jeune et ambitieux Toto Riina gravira les \u00e9chelons, d\u2019abord par la ruse et la manipulation, ensuite par les exactions et l\u2019assassinat. Ses plus fid\u00e8les lieutenants, dont les fameux tueurs, acceptent de livrer un t\u00e9moignage pr\u00e9cieux non seulement sur les pratiques du parrain mais aussi sur sa psychologie. Comme lui, ces serviteurs endoctrin\u00e9s et z\u00e9l\u00e9s ont rejoint la Cosa Nostra davantage pour gagner le respect de la soci\u00e9t\u00e9 que pour s\u2019en mettre plein les poches. \u00abAvant, je n\u2019\u00e9tais rien. Quand je suis entr\u00e9 dans la mafia, tout le monde me respectait !\u00bb, dira l\u2019un d\u2019eux. D\u2019autre part, des magistrats, avocats et repr\u00e9sentants de l\u2019Etat raconteront \u00e0 Boucault l\u2019incroyable laxisme de l\u2019Italie officielle face \u00e0 une organisation de plus en plus d\u00e9vastatrice, responsable de centaines de meurtres. C\u2019est que la mafia \u00e9tait infiltr\u00e9e \u00e0 de tr\u00e8s hautes \u00e9chelles dans l\u2019appareil politique et judiciaire : la corruption, les alliances et le client\u00e9lisme rongeaient le pays et favorisaient l\u2019impunit\u00e9 et le plein essor de Don Corl\u00e9one. Ce dernier commettra, n\u00e9anmoins, des erreurs fatales qui pr\u00e9cipiteront sa chute et l\u2019arriv\u00e9e des juges d\u2019instruction Falcone et Borselino, int\u00e8gres, t\u00eatus et intelligents, sera un v\u00e9ritable cataclysme dans l\u2019univers de Riina. Ces deux magistrats qu\u2019il assassinera de mani\u00e8re spectaculaire seront aid\u00e9s par la collaboration du repenti le plus c\u00e9l\u00e8bre de l\u2019Histoire de la Cosa Nostra : Tommaso Buscetta dont le parrain a fait tuer les deux fils, le fr\u00e8re et le neveu et qui, brisant l\u2019omerta et donnant des informations capitales sur l\u2019organisation et le fonctionnement de ce groupe, contribuera grandement \u00e0 l\u2019effondrement de l\u2019empire Riina. Le film de Mosco Boucault demeure, certes, dans une configuration acad\u00e9mique sans \u00e9clats ni fantaisie formelle mais ceux-ci sont largement compens\u00e9s par la rigueur, la construction captivante et l\u2019intensit\u00e9 de son r\u00e9cit, sans oublier le charisme et la profonde humanit\u00e9 des personnes interview\u00e9es, notamment les repentis qui t\u00e9moignent avec beaucoup d\u2019honn\u00eatet\u00e9 et de courage sur leurs propres infamies.\u00a0<br \/>Le 10e Festival international du cin\u00e9ma d\u2019Alger se poursuit \u00e0 l\u2019Office Riad-el-Feth jusqu\u2019au 13 novembre. Au programme d\u2019aujourd\u2019hui \u00e0 la salle Ibn Zeydoun : Le silence des autres sur l\u2019injuste amnistie au lendemain de la mort de Franco en Espagne et le combat des survivants pour r\u00e9tablir la justice (14h) ; L\u2019envers d\u2019une histoire qui questionne les blessures de la guerre en Serbie (16h30) et Desrances suit l\u2019errance d\u2019un r\u00e9fugi\u00e9 ha\u00eftien en C\u00f4te d\u2019Ivoire (19h).\u00a0<br \/>A souligner que la salle Cosmos accueille quotidiennement les films en hors comp\u00e9tition ainsi que les rediffusions.\u00a0<br \/>Sarah H.<\/p>\n<p>Auteur:<br \/>\n<a href=\"https:\/\/www.lesoirdalgerie.com\/culture\/le-parrain-sans-fard-ni-mythification-33284\">Cliquez ici pour lire l&rsquo;article depuis sa source.<\/a><\/p>\n","protected":false},"excerpt":{"rendered":"<p>Corl\u00e9one, le parrain des parrains est le premier documentaire \u00e0 entrer en comp\u00e9tition dans cette dixi\u00e8me \u00e9dition du Festival international du cin\u00e9ma d\u2019Alger d\u00e9di\u00e9 au film engag\u00e9. Projet\u00e9 vendredi soir \u00e0 la salle Ibn Zeydoun, le film de Moscou Boucault restitue dans sa v\u00e9ritable dimension la figure de Toto Riina.\u00a0\u00abLe respect\u00bb. Voil\u00e0 le mot qui [&hellip;]<\/p>\n","protected":false},"author":1741,"featured_media":0,"comment_status":"closed","ping_status":"closed","sticky":false,"template":"","format":"standard","meta":{"fifu_image_url":"","fifu_image_alt":"","footnotes":""},"categories":[73,53],"tags":[],"class_list":["post-67087","post","type-post","status-publish","format-standard","hentry","category-actualite","category-algerie"],"_links":{"self":[{"href":"https:\/\/linitiative.ca\/International\/wp-json\/wp\/v2\/posts\/67087","targetHints":{"allow":["GET"]}}],"collection":[{"href":"https:\/\/linitiative.ca\/International\/wp-json\/wp\/v2\/posts"}],"about":[{"href":"https:\/\/linitiative.ca\/International\/wp-json\/wp\/v2\/types\/post"}],"author":[{"embeddable":true,"href":"https:\/\/linitiative.ca\/International\/wp-json\/wp\/v2\/users\/1741"}],"replies":[{"embeddable":true,"href":"https:\/\/linitiative.ca\/International\/wp-json\/wp\/v2\/comments?post=67087"}],"version-history":[{"count":0,"href":"https:\/\/linitiative.ca\/International\/wp-json\/wp\/v2\/posts\/67087\/revisions"}],"wp:attachment":[{"href":"https:\/\/linitiative.ca\/International\/wp-json\/wp\/v2\/media?parent=67087"}],"wp:term":[{"taxonomy":"category","embeddable":true,"href":"https:\/\/linitiative.ca\/International\/wp-json\/wp\/v2\/categories?post=67087"},{"taxonomy":"post_tag","embeddable":true,"href":"https:\/\/linitiative.ca\/International\/wp-json\/wp\/v2\/tags?post=67087"}],"curies":[{"name":"wp","href":"https:\/\/api.w.org\/{rel}","templated":true}]}}