{"id":67088,"date":"2019-11-10T05:00:00","date_gmt":"2019-11-10T10:00:00","guid":{"rendered":"https:\/\/linitiative.ca\/International\/alors-en-panne-didees-tordues\/"},"modified":"2019-11-10T05:00:00","modified_gmt":"2019-11-10T10:00:00","slug":"alors-en-panne-didees-tordues","status":"publish","type":"post","link":"https:\/\/linitiative.ca\/International\/alors-en-panne-didees-tordues\/","title":{"rendered":"Alors ? En panne d\u2019id\u00e9es tordues ?"},"content":{"rendered":"<p class=\"c3\">Le calendrier des vacances scolaires arr\u00eat\u00e9 ! Pur\u00e9e ! Dans c\u2019pays, m\u00eame les\u2026 calendriers sont\u00a0<br \/>embarqu\u00e9s !\u00a0<\/p>\n<p class=\"c3\"><strong>Halte \u00e0 l\u2019Etat policier !<\/strong><\/p>\n<p class=\"c3\">Ils ont essay\u00e9 le canon \u00e0 eau, \u00e7a a flop\u00e9 ! Ils ont essay\u00e9 la fausse palissade pour emp\u00eacher l\u2019acc\u00e8s aux escaliers mythiques de la Grande-Poste, \u00e7a n\u2019a pas r\u00e9ussi. Ils ont pondu un rapport bourr\u00e9 de termes scientifiques et \u00ab CTCisques \u00bb, expliquant doctement que ces m\u00eames escaliers allaient s\u2019effondrer sous le poids de la col\u00e8re, \u00e7a a foir\u00e9 ! Ils ont essay\u00e9 les baltaguias dop\u00e9s au Rivotril et au cachir, \u00e7a a plant\u00e9 grave ! Ils ont essay\u00e9 d\u2019arracher des drapeaux berb\u00e8res, il en a pouss\u00e9 miraculeusement des centaines sur les arbres et sur les balcons. Ils ont essay\u00e9 d\u2019avancer les vacances scolaires, les \u00e9tudiants n\u2019en \u00e9taient que plus beaux drap\u00e9s dans le blanc de leur ann\u00e9e p\u00e9dagogique en ballottage. Ils ont pari\u00e9 sur les saisons, tablant sur l\u2019\u00e9t\u00e9, la chaleur et la plage, une permanence estivale a affich\u00e9 son bronzage cuivr\u00e9 sous le regard admiratif de Maurice Audin. Ils ont essay\u00e9 les barrages filtrants, les barques de l\u2019exil int\u00e9rieur ont alors vrombi de toutes parts de leurs moteurs et chuint\u00e9 de leurs rames pour livrer sur les c\u00f4t\u00e9s les harragas intra-muros. Ils ont menac\u00e9 les microbus et leurs propri\u00e9taires d\u2019amendes, de saisies et de mises en fourri\u00e8re, les mar\u00e9es humaines se sont soudain souvenues des bienfaits de la marche \u00e0 pied et des randonn\u00e9es au long court. Ce week-end encore, ils ont pri\u00e9 Dieu, leur dieu pour d\u00e9cha\u00eener les \u00e9l\u00e9ments, la pluie a fait ce qu\u2019elle a pu, la garce ! Les marcheurs en ont aval\u00e9 goulument des lamp\u00e9es remerciant le ciel et les nuages pour cette offrande rafra\u00eechissante. Demain, apr\u00e8s-demain, et les autres vendredis, que vont-ils encore essayer ? Bombarder la ville ? Des \u00ab fous du sourire \u00bb qui marchent 200 km pour rejoindre une manifestation sont capables de reconstruire la Cit\u00e9 avec les confettis des bombes. Et peut-\u00eatre m\u00eame la reconstruire en mieux ! Je fume du th\u00e9 et je reste \u00e9veill\u00e9, le cauchemar continue.<br \/><em><strong>H. L.<\/strong><\/em><\/p>\n<p>Auteur:<br \/>\n<a href=\"https:\/\/www.lesoirdalgerie.com\/pousse-avec-eux\/alors-en-panne-didees-tordues-33283\">Cliquez ici pour lire l&rsquo;article depuis sa source.<\/a><\/p>\n","protected":false},"excerpt":{"rendered":"<p>Le calendrier des vacances scolaires arr\u00eat\u00e9 ! Pur\u00e9e ! Dans c\u2019pays, m\u00eame les\u2026 calendriers sont\u00a0embarqu\u00e9s !\u00a0 Halte \u00e0 l\u2019Etat policier ! Ils ont essay\u00e9 le canon \u00e0 eau, \u00e7a a flop\u00e9 ! Ils ont essay\u00e9 la fausse palissade pour emp\u00eacher l\u2019acc\u00e8s aux escaliers mythiques de la Grande-Poste, \u00e7a n\u2019a pas r\u00e9ussi. Ils ont pondu un [&hellip;]<\/p>\n","protected":false},"author":1741,"featured_media":0,"comment_status":"closed","ping_status":"closed","sticky":false,"template":"","format":"standard","meta":{"fifu_image_url":"","fifu_image_alt":"","footnotes":""},"categories":[73,53],"tags":[],"class_list":["post-67088","post","type-post","status-publish","format-standard","hentry","category-actualite","category-algerie"],"_links":{"self":[{"href":"https:\/\/linitiative.ca\/International\/wp-json\/wp\/v2\/posts\/67088","targetHints":{"allow":["GET"]}}],"collection":[{"href":"https:\/\/linitiative.ca\/International\/wp-json\/wp\/v2\/posts"}],"about":[{"href":"https:\/\/linitiative.ca\/International\/wp-json\/wp\/v2\/types\/post"}],"author":[{"embeddable":true,"href":"https:\/\/linitiative.ca\/International\/wp-json\/wp\/v2\/users\/1741"}],"replies":[{"embeddable":true,"href":"https:\/\/linitiative.ca\/International\/wp-json\/wp\/v2\/comments?post=67088"}],"version-history":[{"count":0,"href":"https:\/\/linitiative.ca\/International\/wp-json\/wp\/v2\/posts\/67088\/revisions"}],"wp:attachment":[{"href":"https:\/\/linitiative.ca\/International\/wp-json\/wp\/v2\/media?parent=67088"}],"wp:term":[{"taxonomy":"category","embeddable":true,"href":"https:\/\/linitiative.ca\/International\/wp-json\/wp\/v2\/categories?post=67088"},{"taxonomy":"post_tag","embeddable":true,"href":"https:\/\/linitiative.ca\/International\/wp-json\/wp\/v2\/tags?post=67088"}],"curies":[{"name":"wp","href":"https:\/\/api.w.org\/{rel}","templated":true}]}}