{"id":67091,"date":"2019-11-10T05:00:00","date_gmt":"2019-11-10T10:00:00","guid":{"rendered":"https:\/\/linitiative.ca\/International\/moins-de-sel-dans-lassiette-moins-dhypertension-daccident-vasculaire-cerebral-et-de-crise-cardiaque\/"},"modified":"2019-11-10T05:00:00","modified_gmt":"2019-11-10T10:00:00","slug":"moins-de-sel-dans-lassiette-moins-dhypertension-daccident-vasculaire-cerebral-et-de-crise-cardiaque","status":"publish","type":"post","link":"https:\/\/linitiative.ca\/International\/moins-de-sel-dans-lassiette-moins-dhypertension-daccident-vasculaire-cerebral-et-de-crise-cardiaque\/","title":{"rendered":"Moins de sel dans l&rsquo;assiette = moins d&rsquo;hypertension, d&rsquo;accident vasculaire c\u00e9r\u00e9bral et de crise cardiaque"},"content":{"rendered":"<p><a href=\"\/periscoop\/un-comite-de-soutien-pour-tebboune-33181\"><\/p>\n<div class=\"image\">\n                    <img class=\"lazy\" data-original=\"\/data\/images\/article\/thumbs\/ls-un-comite-de-soutien-pour-tebboune-92960.jpg\"\/><\/p>\n<p><span>1<\/span><\/p>\n<\/p><\/div>\n<p>            <\/a><\/p>\n<p class=\"type-date\"><span>P\u00e9riscoop<\/span> 11:00 | 07-11-2019<\/p>\n<p>            <a href=\"\/periscoop\/un-comite-de-soutien-pour-tebboune-33181\"><\/p>\n<h5 class=\"first-title\"\/><\/a><br \/>\n            <a href=\"\/periscoop\/un-comite-de-soutien-pour-tebboune-33181\"><\/p>\n<h5 class=\"title\">\n                Un comit\u00e9 de soutien pour Tebboune            <\/h5>\n<p>            <\/a><\/p>\n<p class=\"text\">Un comit\u00e9 de soutien au candidat \u00e0 la pr\u00e9sidentielle du 12 d\u00e9cembre prochain, Abdelmadjid Tebboune, a \u00e9t\u00e9 install\u00e9 mardi dernier \u00e0 Z\u00e9ralda.<br \/>\nC\u2019est ce qu\u2019annoncent les initiateurs de ce <\/p>\n<p>Auteur:<br \/>\n<a href=\"https:\/\/www.lesoirdalgerie.com\/femme-magazine\/moins-de-sel-dans-lassiette-%3D-moins-dhypertension-daccident-vasculaire-cerebral-et-de-crise-cardiaque-33280\">Cliquez ici pour lire l&rsquo;article depuis sa source.<\/a><\/p>\n","protected":false},"excerpt":{"rendered":"<p>1 P\u00e9riscoop 11:00 | 07-11-2019 Un comit\u00e9 de soutien pour Tebboune Un comit\u00e9 de soutien au candidat \u00e0 la pr\u00e9sidentielle du 12 d\u00e9cembre prochain, Abdelmadjid Tebboune, a \u00e9t\u00e9 install\u00e9 mardi dernier \u00e0 Z\u00e9ralda. C\u2019est ce qu\u2019annoncent les initiateurs de ce Auteur: Cliquez ici pour lire l&rsquo;article depuis sa source.<\/p>\n","protected":false},"author":1741,"featured_media":0,"comment_status":"closed","ping_status":"closed","sticky":false,"template":"","format":"standard","meta":{"fifu_image_url":"","fifu_image_alt":"","footnotes":""},"categories":[73,53],"tags":[],"class_list":["post-67091","post","type-post","status-publish","format-standard","hentry","category-actualite","category-algerie"],"_links":{"self":[{"href":"https:\/\/linitiative.ca\/International\/wp-json\/wp\/v2\/posts\/67091","targetHints":{"allow":["GET"]}}],"collection":[{"href":"https:\/\/linitiative.ca\/International\/wp-json\/wp\/v2\/posts"}],"about":[{"href":"https:\/\/linitiative.ca\/International\/wp-json\/wp\/v2\/types\/post"}],"author":[{"embeddable":true,"href":"https:\/\/linitiative.ca\/International\/wp-json\/wp\/v2\/users\/1741"}],"replies":[{"embeddable":true,"href":"https:\/\/linitiative.ca\/International\/wp-json\/wp\/v2\/comments?post=67091"}],"version-history":[{"count":0,"href":"https:\/\/linitiative.ca\/International\/wp-json\/wp\/v2\/posts\/67091\/revisions"}],"wp:attachment":[{"href":"https:\/\/linitiative.ca\/International\/wp-json\/wp\/v2\/media?parent=67091"}],"wp:term":[{"taxonomy":"category","embeddable":true,"href":"https:\/\/linitiative.ca\/International\/wp-json\/wp\/v2\/categories?post=67091"},{"taxonomy":"post_tag","embeddable":true,"href":"https:\/\/linitiative.ca\/International\/wp-json\/wp\/v2\/tags?post=67091"}],"curies":[{"name":"wp","href":"https:\/\/api.w.org\/{rel}","templated":true}]}}