{"id":67094,"date":"2019-11-10T07:15:59","date_gmt":"2019-11-10T12:15:59","guid":{"rendered":"https:\/\/linitiative.ca\/International\/paris-debut-dune-marche-controversee-contre-lislamophobie\/"},"modified":"2019-11-10T07:15:59","modified_gmt":"2019-11-10T12:15:59","slug":"paris-debut-dune-marche-controversee-contre-lislamophobie","status":"publish","type":"post","link":"https:\/\/linitiative.ca\/International\/paris-debut-dune-marche-controversee-contre-lislamophobie\/","title":{"rendered":"Paris : d\u00e9but d\u2019une marche controvers\u00e9e contre l\u2019islamophobie"},"content":{"rendered":"<p><strong>\u00ab\u00a0Vivre ensemble, c\u2019est urgent\u00a0\u00bb: quelques milliers de personnes se sont rassembl\u00e9es dimanche en d\u00e9but d\u2019apr\u00e8s-midi \u00e0 Paris pour une manifestation contre l\u2019islamophobie visant \u00e0 d\u00e9noncer les actes antimusulmans, dont le principe a fortement divis\u00e9 le monde politique.<\/strong><\/p>\n<div class=\"c10\"\/>\n<p>\u00ab\u00a0Oui \u00e0 la critique de la religion, non \u00e0 la haine du croyant\u00a0\u00bb, \u00ab\u00a0stop \u00e0 l\u2019<strong>islamophobie<\/strong>\u00ab\u00a0, \u00ab\u00a0vivre ensemble, c\u2019est urgent\u00a0\u00bb, pouvait-on lire sur des pancartes de manifestants r\u00e9unis devant la Gare du Nord. Il y avait aussi de nombreux drapeaux fran\u00e7ais.<\/p>\n<p>\u00ab\u00a0Solidarit\u00e9 avec les femmes voil\u00e9es\u00a0\u00bb, ont scand\u00e9 des participants. La <strong>France<\/strong> est le pays d\u2019Europe occidentale qui compte la plus importante communaut\u00e9 musulmane (7,5% de la population).<\/p>\n<p>Cette <strong>marche<\/strong>, \u00e0 l\u2019appel de plusieurs personnalit\u00e9s et organisations comme le Collectif contre l\u2019islamophobie en France, doit rejoindre la Place de la Nation, \u00e0 l\u2019est de la capitale. Des manifestations devaient \u00e9galement avoir lieu \u00e0 Marseille (sud-est) et \u00e0 Toulouse (sud-ouest).<\/p>\n<p>L\u2019appel \u00e0 manifester a \u00e9t\u00e9 lanc\u00e9 le 1er novembre dans le quotidien \u00ab\u00a0Lib\u00e9ration\u00a0\u00bb quatre jours apr\u00e8s une attaque contre une mosqu\u00e9e \u00e0 Bayonne (sud-ouest) revendiqu\u00e9e par un ancien militant d\u2019extr\u00eame droite de 84 ans et qui a fait deux bless\u00e9s graves.<\/p>\n<p>Le message initial \u00e9tait de dire \u00ab\u00a0STOP \u00e0 l\u2019islamophobie\u00a0\u00bb, \u00e0 la \u00ab\u00a0stigmatisation grandissante\u00a0\u00bb des musulmans, victimes de \u00ab\u00a0discriminations\u00a0\u00bb et d&rsquo;\u00a0\u00bbagressions\u00a0\u00bb.<\/p>\n<div class=\"c17\">\n<fieldset class=\"c16\">\n<legend><strong><span class=\"c11\">Challenge<\/span><span class=\"c12\">news<\/span><\/strong><\/legend>\n<div class=\"c15\">Le meilleur de Challenge s\u00e9lectionn\u00e9 par la r\u00e9daction :<\/p>\n<\/div>\n<\/fieldset>\n<\/div>\n<p>Auteur: challenge<br \/>\n<a href=\"https:\/\/www.challenge.ma\/paris-debut-dune-marche-controversee-contre-lislamophobie-122933\/\">Cliquez ici pour lire l&rsquo;article depuis sa source.<\/a><\/p>\n","protected":false},"excerpt":{"rendered":"<p>\u00ab\u00a0Vivre ensemble, c\u2019est urgent\u00a0\u00bb: quelques milliers de personnes se sont rassembl\u00e9es dimanche en d\u00e9but d\u2019apr\u00e8s-midi \u00e0 Paris pour une manifestation contre l\u2019islamophobie visant \u00e0 d\u00e9noncer les actes antimusulmans, dont le principe a fortement divis\u00e9 le monde politique. \u00ab\u00a0Oui \u00e0 la critique de la religion, non \u00e0 la haine du croyant\u00a0\u00bb, \u00ab\u00a0stop \u00e0 l\u2019islamophobie\u00ab\u00a0, \u00ab\u00a0vivre ensemble, [&hellip;]<\/p>\n","protected":false},"author":1787,"featured_media":0,"comment_status":"closed","ping_status":"closed","sticky":false,"template":"","format":"standard","meta":{"fifu_image_url":"","fifu_image_alt":"","footnotes":""},"categories":[78,54],"tags":[],"class_list":["post-67094","post","type-post","status-publish","format-standard","hentry","category-economie","category-maroc"],"_links":{"self":[{"href":"https:\/\/linitiative.ca\/International\/wp-json\/wp\/v2\/posts\/67094","targetHints":{"allow":["GET"]}}],"collection":[{"href":"https:\/\/linitiative.ca\/International\/wp-json\/wp\/v2\/posts"}],"about":[{"href":"https:\/\/linitiative.ca\/International\/wp-json\/wp\/v2\/types\/post"}],"author":[{"embeddable":true,"href":"https:\/\/linitiative.ca\/International\/wp-json\/wp\/v2\/users\/1787"}],"replies":[{"embeddable":true,"href":"https:\/\/linitiative.ca\/International\/wp-json\/wp\/v2\/comments?post=67094"}],"version-history":[{"count":0,"href":"https:\/\/linitiative.ca\/International\/wp-json\/wp\/v2\/posts\/67094\/revisions"}],"wp:attachment":[{"href":"https:\/\/linitiative.ca\/International\/wp-json\/wp\/v2\/media?parent=67094"}],"wp:term":[{"taxonomy":"category","embeddable":true,"href":"https:\/\/linitiative.ca\/International\/wp-json\/wp\/v2\/categories?post=67094"},{"taxonomy":"post_tag","embeddable":true,"href":"https:\/\/linitiative.ca\/International\/wp-json\/wp\/v2\/tags?post=67094"}],"curies":[{"name":"wp","href":"https:\/\/api.w.org\/{rel}","templated":true}]}}